{"id":9628,"date":"2021-01-23T18:57:47","date_gmt":"2021-01-23T17:57:47","guid":{"rendered":"https:\/\/www.weichenstellen.de\/blog\/?p=9628"},"modified":"2021-01-23T19:04:48","modified_gmt":"2021-01-23T18:04:48","slug":"lichtfenster","status":"publish","type":"post","link":"https:\/\/www.weltwaldwiesen.de\/weichenstellen\/lichtfenster\/","title":{"rendered":"Lichtfenster"},"content":{"rendered":"<p style=\"text-align: center;\"><span style=\"font-family: verdana, geneva, sans-serif;\"><strong><span style=\"font-size: 24pt;\"><em><span style=\"color: #ff0000;\">LICHTFENSTER<\/span><\/em><br \/>\nein Zeichen der Solidarit\u00e4t und Barmherzigkeit<\/span><\/strong><\/span><\/p>\n<p><a href=\"https:\/\/www.weichenstellen.de\/blog\/wp-content\/uploads\/2021\/01\/Barmherzigkeit-klein.jpg\"><img loading=\"lazy\" class=\"aligncenter wp-image-9621\" src=\"https:\/\/www.weichenstellen.de\/blog\/wp-content\/uploads\/2021\/01\/Barmherzigkeit-klein-225x300.jpg\" alt=\"\" width=\"301\" height=\"401\" srcset=\"https:\/\/www.weltwaldwiesen.de\/weichenstellen\/wp-content\/uploads\/2021\/01\/Barmherzigkeit-klein-225x300.jpg 225w, https:\/\/www.weltwaldwiesen.de\/weichenstellen\/wp-content\/uploads\/2021\/01\/Barmherzigkeit-klein.jpg 450w\" sizes=\"(max-width: 301px) 100vw, 301px\" \/><\/a><\/p>\n<p><span style=\"font-size: 14pt; font-family: verdana, geneva, sans-serif;\">Die Bekanntgabe der Corona-Todesf\u00e4lle in Deutschland ist gef\u00fchlt zu einem rein b\u00fcrokratischen Akt geworden. Jeden Tag sind es mehr Menschen, die im Zusammenhang<\/span><span style=\"font-size: 14pt; font-family: verdana, geneva, sans-serif;\"> mit dem Coronavirus gestorben sind. Die Zahl der Todesf\u00e4lle ist inzwischen auf 50.000 gestiegen.<\/span><\/p>\n<p><span style=\"font-family: verdana, geneva, sans-serif; font-size: 14pt;\">Todesf\u00e4lle werden sonst nicht gez\u00e4hlt. Jetzt aber stehen sie in Verbindung zu einer Virusseuche, von der Menschen global betroffen sind. Jede*r Gestorbene erinnert an das endg\u00fcltige\u00a0 Ausgeliefert-Sein.\u00a0 Hinter diesen Zahlen stehen Einsamkeit,\u00a0 Verzweiflung und besonders\u00a0 bedr\u00e4ngende Hilflosigkeit bei den Angeh\u00f6rigen, die nicht am Kranken- oder Sterbebett eines geliebten Menschen sein konnten und auch gegenw\u00e4rtig nicht k\u00f6nnen.<\/span><\/p>\n<p><span style=\"font-size: 14pt; font-family: verdana, geneva, sans-serif;\">Solidarit\u00e4t von betroffenen Menschen, die einfach wissen, worum es geht, ist \u00fcberzeugend. Die Hilflosigkeit eines jeden in der Gemeinschaft aller braucht Perspektive der Ermutigung. &#8218;<em>Einer trage des andern Last, so werdet ihr die Last in den gro\u00dfen Zusammenhang stellen<\/em>&#8218; <span style=\"font-size: 10pt;\">(Brief an die Galater 6,2)<\/span> ist das Zeichen.<\/span><\/p>\n<p><span style=\"font-size: 14pt; font-family: verdana, geneva, sans-serif;\">Unser Bundespr\u00e4sident Frank-Walter Steinmeier m\u00f6chte ein Zeichen kollektiver Trauer setzen und k\u00fcndigte an, dass es im April eine zentrale Gedenkfeier f\u00fcr die Corona-Toten geben wird.<\/span><\/p>\n<p><span style=\"font-size: 14pt; font-family: verdana, geneva, sans-serif;\">\u00b4Seine Idee jetzt: Von Februar bis zur staatlichen Gedenkfeier im April wird die Aktion &#8218;Lichtfenster&#8216; immer Freitagabend bis Sonnabendmorgen stattfinden. <\/span><\/p>\n<p><span style=\"font-size: 14pt; font-family: verdana, geneva, sans-serif;\">Der Bundespr\u00e4sident hofft, dass sich m\u00f6glichst viele B\u00fcrger der Aktion anschlie\u00dfen und so eine Art Lichter-Meer des Gedenkens quer durchs Land entsteht.<\/span><\/p>\n<p><span style=\"font-size: 14pt; font-family: verdana, geneva, sans-serif;\"><a href=\"https:\/\/www.weichenstellen.de\/blog\/kontakt\/\">KONTAKT<\/a><\/span><\/p>\n","protected":false},"excerpt":{"rendered":"<p>LICHTFENSTER ein Zeichen der Solidarit\u00e4t und Barmherzigkeit Die Bekanntgabe der Corona-Todesf\u00e4lle in Deutschland ist gef\u00fchlt zu einem rein b\u00fcrokratischen Akt geworden. Jeden Tag sind es mehr Menschen, die im Zusammenhang mit dem Coronavirus gestorben sind. Die Zahl der Todesf\u00e4lle ist inzwischen auf 50.000 gestiegen. Todesf\u00e4lle werden sonst nicht gez\u00e4hlt. Jetzt aber stehen sie in Verbindung\u2026 <span class=\"read-more\"><a href=\"https:\/\/www.weltwaldwiesen.de\/weichenstellen\/lichtfenster\/\">Weiterlesen &raquo;<\/a><\/span><\/p>\n","protected":false},"author":1,"featured_media":0,"comment_status":"closed","ping_status":"open","sticky":false,"template":"","format":"standard","meta":{"spay_email":"","jetpack_publicize_message":"","jetpack_is_tweetstorm":false,"jetpack_publicize_feature_enabled":true},"categories":[5],"tags":[],"jetpack_featured_media_url":"","jetpack_publicize_connections":[],"jetpack_shortlink":"https:\/\/wp.me\/p3UvYh-2vi","jetpack_sharing_enabled":true,"_links":{"self":[{"href":"https:\/\/www.weltwaldwiesen.de\/weichenstellen\/wp-json\/wp\/v2\/posts\/9628"}],"collection":[{"href":"https:\/\/www.weltwaldwiesen.de\/weichenstellen\/wp-json\/wp\/v2\/posts"}],"about":[{"href":"https:\/\/www.weltwaldwiesen.de\/weichenstellen\/wp-json\/wp\/v2\/types\/post"}],"author":[{"embeddable":true,"href":"https:\/\/www.weltwaldwiesen.de\/weichenstellen\/wp-json\/wp\/v2\/users\/1"}],"replies":[{"embeddable":true,"href":"https:\/\/www.weltwaldwiesen.de\/weichenstellen\/wp-json\/wp\/v2\/comments?post=9628"}],"version-history":[{"count":4,"href":"https:\/\/www.weltwaldwiesen.de\/weichenstellen\/wp-json\/wp\/v2\/posts\/9628\/revisions"}],"predecessor-version":[{"id":9633,"href":"https:\/\/www.weltwaldwiesen.de\/weichenstellen\/wp-json\/wp\/v2\/posts\/9628\/revisions\/9633"}],"wp:attachment":[{"href":"https:\/\/www.weltwaldwiesen.de\/weichenstellen\/wp-json\/wp\/v2\/media?parent=9628"}],"wp:term":[{"taxonomy":"category","embeddable":true,"href":"https:\/\/www.weltwaldwiesen.de\/weichenstellen\/wp-json\/wp\/v2\/categories?post=9628"},{"taxonomy":"post_tag","embeddable":true,"href":"https:\/\/www.weltwaldwiesen.de\/weichenstellen\/wp-json\/wp\/v2\/tags?post=9628"}],"curies":[{"name":"wp","href":"https:\/\/api.w.org\/{rel}","templated":true}]}}