{"id":9608,"date":"2021-01-21T22:36:18","date_gmt":"2021-01-21T21:36:18","guid":{"rendered":"https:\/\/www.weichenstellen.de\/blog\/?p=9608"},"modified":"2021-01-22T22:48:40","modified_gmt":"2021-01-22T21:48:40","slug":"huegel-erklimmen","status":"publish","type":"post","link":"https:\/\/www.weltwaldwiesen.de\/weichenstellen\/huegel-erklimmen\/","title":{"rendered":"H\u00fcgel erklimmen"},"content":{"rendered":"<p style=\"text-align: center;\"><span style=\"font-size: 18pt; font-family: verdana, geneva, sans-serif;\"><strong><span style=\"font-size: 24pt; color: #ff0000;\">\u201eDer H\u00fcgel, den wir erklimmen\u201c<\/span><br \/>\nvon Amanda Gorman<\/strong><\/span><\/p>\n<p style=\"text-align: center;\"><a href=\"https:\/\/www.weichenstellen.de\/blog\/wp-content\/uploads\/2021\/01\/Amanda-Gorman.jpg\"><img loading=\"lazy\" class=\"alignnone  wp-image-9619\" src=\"https:\/\/www.weichenstellen.de\/blog\/wp-content\/uploads\/2021\/01\/Amanda-Gorman.jpg\" alt=\"\" width=\"276\" height=\"155\" \/><\/a><\/p>\n<p><span style=\"font-family: verdana, geneva, sans-serif;\"><em><span style=\"font-size: 14pt;\">Mr. President, Dr. Biden, Madam Vice President, Mr. Emhoff, B\u00fcrger Amerikas und der ganzen Welt,<\/span><\/em><\/span><\/p>\n<p style=\"text-align: center;\"><span style=\"font-size: 14pt; font-family: verdana, geneva, sans-serif;\">Wenn es Tag wird, fragen wir uns,<br \/>\n<\/span><span style=\"font-size: 14pt; font-family: verdana, geneva, sans-serif;\">wo wir Licht zu finden verm\u00f6gen, in diesem niemals endenden Schatten?<\/span><\/p>\n<p style=\"text-align: center;\"><span style=\"font-size: 14pt; font-family: verdana, geneva, sans-serif;\">Den Verlust, den wir tragen, <\/span><span style=\"font-size: 14pt; font-family: verdana, geneva, sans-serif;\">ein Meer, das wir durchwaten m\u00fcssen.<\/span><\/p>\n<p style=\"text-align: center;\"><span style=\"font-size: 14pt; font-family: verdana, geneva, sans-serif;\">Wir haben dem Bauch der Bestie getrotzt.<br \/>\n<\/span><span style=\"font-size: 14pt; font-family: verdana, geneva, sans-serif;\">Wir haben gelernt, dass Ruhe nicht immer Frieden bedeutet.<\/span><\/p>\n<p style=\"text-align: center;\"><span style=\"font-size: 14pt; font-family: verdana, geneva, sans-serif;\">Und dass die Normen und Vorstellungen von dem, was gerade ist,<br \/>\nnicht immer Gerechtigkeit sind.<\/span><\/p>\n<p style=\"text-align: center;\"><span style=\"font-size: 14pt; font-family: verdana, geneva, sans-serif;\">Und doch geh\u00f6rt die Morgend\u00e4mmerung uns,<br \/>\n<\/span><span style=\"font-size: 14pt; font-family: verdana, geneva, sans-serif;\">noch ehe wir es wussten.<\/span><\/p>\n<p style=\"text-align: center;\"><span style=\"font-size: 14pt; font-family: verdana, geneva, sans-serif;\">Irgendwie schaffen wir es. <\/span><span style=\"font-size: 14pt; font-family: verdana, geneva, sans-serif;\">Irgendwie haben wir es \u00fcberstanden und bezeugten <\/span><span style=\"font-size: 14pt; font-family: verdana, geneva, sans-serif;\">eine Nation, die nicht kaputt ist, <\/span><span style=\"font-size: 14pt; font-family: verdana, geneva, sans-serif;\">sondern einfach unvollendet.<\/span><\/p>\n<p style=\"text-align: center;\"><span style=\"font-size: 14pt; font-family: verdana, geneva, sans-serif;\">Wir, die Nachfahren eines Landes und einer Zeit,<br \/>\n<\/span><span style=\"font-size: 14pt; font-family: verdana, geneva, sans-serif;\">in der ein d\u00fcnnes, schwarzes M\u00e4dchen,<br \/>\n<\/span><span style=\"font-size: 14pt; font-family: verdana, geneva, sans-serif;\">das von Sklaven abstammt<br \/>\nund von einer alleinerziehenden Mutter gro\u00dfgezogen wurde,<br \/>\n<\/span><span style=\"font-size: 14pt; font-family: verdana, geneva, sans-serif;\">davon tr\u00e4umen kann, Pr\u00e4sidentin zu werden,<br \/>\n<\/span><span style=\"font-size: 14pt; font-family: verdana, geneva, sans-serif;\">nur um sich selbst in einer Situation zu finden,<br \/>\nin der sie f\u00fcr einen vortr\u00e4gt.<\/span><\/p>\n<p style=\"text-align: center;\"><span style=\"font-size: 14pt; font-family: verdana, geneva, sans-serif;\">Und ja, wir sind alles andere als lupenrein,<br \/>\n<\/span><span style=\"font-size: 14pt; font-family: verdana, geneva, sans-serif;\">alles andere als makellos,<br \/>\n<\/span><span style=\"font-size: 14pt; font-family: verdana, geneva, sans-serif;\">aber das bedeutet nicht, dass wir danach streben,<br \/>\n<\/span><span style=\"font-size: 14pt; font-family: verdana, geneva, sans-serif;\">eine Gemeinschaft zu bilden, die perfekt ist.<\/span><\/p>\n<p style=\"text-align: center;\"><span style=\"font-size: 14pt; font-family: verdana, geneva, sans-serif;\">Wir streben danach, gezielt eine Gemeinschaft zu schmieden.<br \/>\n<\/span><span style=\"font-size: 14pt; font-family: verdana, geneva, sans-serif;\">Ein Land zu bilden, das sich allen Kulturen, Farben, Charakteren und menschlichen Lebensverh\u00e4ltnissen verpflichtet f\u00fchlt.<\/span><\/p>\n<p style=\"text-align: center;\"><span style=\"font-size: 14pt; font-family: verdana, geneva, sans-serif;\">Und so erheben wir unseren Blick nicht auf das, was zwischen uns steht,<br \/>\n<\/span><span style=\"font-size: 14pt; font-family: verdana, geneva, sans-serif;\">sondern auf das, was vor uns steht.<br \/>\n<\/span><span style=\"font-size: 14pt; font-family: verdana, geneva, sans-serif;\">Wir schlie\u00dfen die Kluft, weil wir wissen, dass wir,<br \/>\num unsere Zukunft an erste Stelle zu setzen,<br \/>\n<\/span><span style=\"font-size: 14pt; font-family: verdana, geneva, sans-serif;\">zuerst unsere Unterschiede beiseite legen m\u00fcssen.<\/span><\/p>\n<p style=\"text-align: center;\"><span style=\"font-size: 14pt; font-family: verdana, geneva, sans-serif;\">Wir legen unsere Waffen nieder,<br \/>\n<\/span><span style=\"font-size: 14pt; font-family: verdana, geneva, sans-serif;\">damit wir unsere Arme<br \/>\n<\/span><span style=\"font-size: 14pt; font-family: verdana, geneva, sans-serif;\">nacheinander ausstrecken k\u00f6nnen.<\/span><\/p>\n<p style=\"text-align: center;\"><span style=\"font-size: 14pt; font-family: verdana, geneva, sans-serif;\">Wir wollen Schaden f\u00fcr keinen und Harmonie f\u00fcr alle.<br \/>\n<\/span><span style=\"font-size: 14pt; font-family: verdana, geneva, sans-serif;\">Lasst die Welt, wenn sonst auch nichts,<br \/>\nsagen, dass dies wahr ist:<\/span><\/p>\n<p style=\"text-align: center;\"><span style=\"font-size: 14pt; font-family: verdana, geneva, sans-serif;\">Dass wir, selbst als wir trauerten, wuchsen.<br \/>\n<\/span><span style=\"font-size: 14pt; font-family: verdana, geneva, sans-serif;\">Dass wir, selbst als wir Schmerzen litten, hofften<br \/>\n<\/span><span style=\"font-size: 14pt; font-family: verdana, geneva, sans-serif;\">Dass wir, selbst als wir erm\u00fcdeten, es weiter versucht haben<br \/>\n<\/span><span style=\"font-size: 14pt; font-family: verdana, geneva, sans-serif;\">Dass wir f\u00fcr immer verbunden sein werden, siegreich<br \/>\n<\/span><span style=\"font-size: 14pt; font-family: verdana, geneva, sans-serif;\">Nicht weil wir nie wieder eine Niederlage erleben werden,<br \/>\n<\/span><span style=\"font-size: 14pt; font-family: verdana, geneva, sans-serif;\">sondern weil wir nie wieder Spaltung s\u00e4en werden.<\/span><\/p>\n<p style=\"text-align: center;\"><span style=\"font-size: 14pt; font-family: verdana, geneva, sans-serif;\">Die Heilige Schrift sagt uns, dass wir uns vorstellen sollen,<br \/>\n<\/span><span style=\"font-size: 14pt; font-family: verdana, geneva, sans-serif;\">dass jeder unter seinem eigenen Weinstock und Feigenbaum sitzen soll<br \/>\nund keiner ihnen Angst machen soll.<br \/>\n<\/span><span style=\"font-size: 14pt; font-family: verdana, geneva, sans-serif;\">Falls wir unserer eigenen Zeit gerecht werden sollen,<br \/>\n<\/span><span style=\"font-size: 14pt; font-family: verdana, geneva, sans-serif;\">dann wird der Sieg nicht in der Klinge liegen,<br \/>\n<\/span><span style=\"font-size: 14pt; font-family: verdana, geneva, sans-serif;\">sondern in all den Br\u00fccken, die wir gebaut haben.<\/span><\/p>\n<p style=\"text-align: center;\"><span style=\"font-size: 14pt; font-family: verdana, geneva, sans-serif;\">Das ist das Versprechen:<br \/>\n<\/span><span style=\"font-size: 14pt; font-family: verdana, geneva, sans-serif;\">Der H\u00fcgel, den wir erklimmen,<br \/>\n<\/span><span style=\"font-size: 14pt; font-family: verdana, geneva, sans-serif;\">wenn wir es nur wagen,<br \/>\n<\/span><span style=\"font-size: 14pt; font-family: verdana, geneva, sans-serif;\">denn Amerikaner zu sein,<br \/>\nist mehr als ein Stolz, den wir erben,<br \/>\n<\/span><span style=\"font-size: 14pt; font-family: verdana, geneva, sans-serif;\">es ist die Vergangenheit, in die wir treten,<br \/>\n<\/span><span style=\"font-size: 14pt; font-family: verdana, geneva, sans-serif;\">und die Art, wie wir sie reparieren.<\/span><\/p>\n<p style=\"text-align: center;\"><span style=\"font-size: 14pt; font-family: verdana, geneva, sans-serif;\">Wir haben eine Macht gesehen,<br \/>\ndie unsere Nation eher zerschlagen w\u00fcrde,<\/span><span style=\"font-size: 14pt; font-family: verdana, geneva, sans-serif;\">als sie zu teilen,<br \/>\n<\/span><span style=\"font-size: 14pt; font-family: verdana, geneva, sans-serif;\">die unser Land zerst\u00f6ren w\u00fcrde, wenn es dazu f\u00fchre,<br \/>\nDemokratie zu verz\u00f6gern.<br \/>\n<\/span><span style=\"font-size: 14pt; font-family: verdana, geneva, sans-serif;\">Und dieser Versuch war fast erfolgreich.<br \/>\n<\/span><span style=\"font-size: 14pt; font-family: verdana, geneva, sans-serif;\">Doch auch wenn Demokratie von Zeit zu Zeit verz\u00f6gert werden kann,<br \/>\n<\/span><span style=\"font-size: 14pt; font-family: verdana, geneva, sans-serif;\">kann sie niemals dauerhaft besiegt werden.<\/span><\/p>\n<p style=\"text-align: center;\"><span style=\"font-size: 14pt; font-family: verdana, geneva, sans-serif;\">In diese Wahrheit,<br \/>\n<\/span><span style=\"font-size: 14pt; font-family: verdana, geneva, sans-serif;\">in diesem Glauben, vertrauen wir.<br \/>\n<\/span><span style=\"font-size: 14pt; font-family: verdana, geneva, sans-serif;\">Denn obwohl wir unsere Augen auf die Zukunft richten,<br \/>\n<\/span><span style=\"font-size: 14pt; font-family: verdana, geneva, sans-serif;\">die Geschichte hat ihre Augen auf uns gerichtet.<br \/>\n<\/span><span style=\"font-size: 14pt; font-family: verdana, geneva, sans-serif;\">Dies ist die \u00c4ra gerechter Wiedergutmachung.<br \/>\n<\/span><span style=\"font-size: 14pt; font-family: verdana, geneva, sans-serif;\">Wir f\u00fcrchteten zu Beginn,<br \/>\n<\/span><span style=\"font-size: 14pt; font-family: verdana, geneva, sans-serif;\">wir f\u00fchlten uns nicht bereit,<br \/>\n<\/span><span style=\"font-size: 14pt; font-family: verdana, geneva, sans-serif;\">Erben einer solch schrecklichen Stunde zu sein,<br \/>\n<\/span><span style=\"font-size: 14pt; font-family: verdana, geneva, sans-serif;\">doch in ihr fanden wir die Kraft<br \/>\n<\/span><span style=\"font-size: 14pt; font-family: verdana, geneva, sans-serif;\">ein neues Kapitel zu schreiben,<br \/>\n<\/span><span style=\"font-size: 14pt; font-family: verdana, geneva, sans-serif;\">uns selbst Hoffnung und Lachen zu schenken.<\/span><\/p>\n<p style=\"text-align: center;\"><span style=\"font-size: 14pt; font-family: verdana, geneva, sans-serif;\">Also w\u00e4hrend wir uns einst fragten,<br \/>\n<\/span><span style=\"font-size: 14pt; font-family: verdana, geneva, sans-serif;\">wie wir jemals diese Katastrophe \u00fcberstehen k\u00f6nnten,<br \/>\n<\/span><span style=\"font-size: 14pt; font-family: verdana, geneva, sans-serif;\">stellen wir jetzt fest:<br \/>\n<\/span><span style=\"font-size: 14pt; font-family: verdana, geneva, sans-serif;\">Wie k\u00f6nnte eine Katastrophe jemals uns \u00fcberstehen.<br \/>\n<\/span><span style=\"font-size: 14pt; font-family: verdana, geneva, sans-serif;\">Wir werden nicht zur\u00fcck zu dem marschieren, was war,<br \/>\n<\/span><span style=\"font-size: 14pt; font-family: verdana, geneva, sans-serif;\">sondern uns auf das zu bewegen, was sein wird.<\/span><\/p>\n<p style=\"text-align: center;\"><span style=\"font-size: 14pt; font-family: verdana, geneva, sans-serif;\">Ein Land, das zwar verletzt,<br \/>\naber dennoch intakt ist,<\/span><span style=\"font-size: 14pt; font-family: verdana, geneva, sans-serif;\">g\u00fctig, aber k\u00fchn, <\/span><span style=\"font-size: 14pt; font-family: verdana, geneva, sans-serif;\">k\u00e4mpferisch und frei.<\/span><\/p>\n<p style=\"text-align: center;\"><span style=\"font-size: 14pt; font-family: verdana, geneva, sans-serif;\">Wir werden uns nicht umdrehen<br \/>\n<\/span><span style=\"font-size: 14pt; font-family: verdana, geneva, sans-serif;\">oder durch Einsch\u00fcchterung unterbrechen lassen,<br \/>\n<\/span><span style=\"font-size: 14pt; font-family: verdana, geneva, sans-serif;\">weil wir wissen, dass unsere Unt\u00e4tigkeit und Tr\u00e4gheit<br \/>\n<\/span><span style=\"font-size: 14pt; font-family: verdana, geneva, sans-serif;\">unser Erbe f\u00fcr die n\u00e4chste Generation sein wird.<\/span><\/p>\n<p style=\"text-align: center;\"><span style=\"font-size: 14pt; font-family: verdana, geneva, sans-serif;\">Unsere groben Fehler werden zu ihren Lasten.<br \/>\n<\/span><span style=\"font-size: 14pt; font-family: verdana, geneva, sans-serif;\">Aber eines ist sicher:<br \/>\n<\/span><span style=\"font-size: 14pt; font-family: verdana, geneva, sans-serif;\">Wenn wir Barmherzigkeit mit Macht verschmelzen<br \/>\n<\/span><span style=\"font-size: 14pt; font-family: verdana, geneva, sans-serif;\">und Macht mit Recht,<br \/>\n<\/span><span style=\"font-size: 14pt; font-family: verdana, geneva, sans-serif;\">dann wird Liebe unser Verm\u00e4chtnis<br \/>\n<\/span><span style=\"font-size: 14pt; font-family: verdana, geneva, sans-serif;\">und Ver\u00e4nderung das Geburtsrecht unserer Kinder.<br \/>\n<\/span><span style=\"font-size: 14pt; font-family: verdana, geneva, sans-serif;\">Also lasst uns ein Land hinterlassen,<br \/>\n<\/span><span style=\"font-size: 14pt; font-family: verdana, geneva, sans-serif;\">das besser ist als das, welches uns hinterlassen wurde.<\/span><\/p>\n<p style=\"text-align: center;\"><span style=\"font-size: 14pt; font-family: verdana, geneva, sans-serif;\">Mit jedem Atemzug aus meiner bronzegegossenen Brust<br \/>\n<\/span><span style=\"font-size: 14pt; font-family: verdana, geneva, sans-serif;\">werden wir diese verwundete Welt in eine wundersame verwandeln.<br \/>\n<\/span><span style=\"font-size: 14pt; font-family: verdana, geneva, sans-serif;\">Wir werden uns von den goldbeschienenen H\u00fcgeln des Westens erheben,<br \/>\n<\/span><span style=\"font-size: 14pt; font-family: verdana, geneva, sans-serif;\">wir werden uns aus dem windgepeitschten Nordosten erheben,<br \/>\n<\/span><span style=\"font-size: 14pt; font-family: verdana, geneva, sans-serif;\">in dem unsere Vorfahren zum ersten Mal die Revolution verwirklichten,<br \/>\n<\/span><span style=\"font-size: 14pt; font-family: verdana, geneva, sans-serif;\">wir werden uns aus den von Seen ges\u00e4umten St\u00e4dten<br \/>\ndes Mittleren Westens erheben,<br \/>\n<\/span><span style=\"font-size: 14pt; font-family: verdana, geneva, sans-serif;\">wir werden uns aus dem sonnengebrannten S\u00fcden erheben,<br \/>\n<\/span><span style=\"font-size: 14pt; font-family: verdana, geneva, sans-serif;\">wir werden wieder aufbauen, uns vers\u00f6hnen und erholen,<br \/>\n<\/span><span style=\"font-size: 14pt; font-family: verdana, geneva, sans-serif;\">und jeden bekannten Winkel unserer Nation<br \/>\nund <\/span><span style=\"font-size: 14pt; font-family: verdana, geneva, sans-serif;\">jede Ecke, die unser Landes genannt wird.<br \/>\n<\/span><span style=\"font-size: 14pt; font-family: verdana, geneva, sans-serif;\">Unser Volk, vielf\u00e4ltig und sch\u00f6n, wird aufstreben,<\/span><span style=\"font-size: 14pt; font-family: verdana, geneva, sans-serif;\">zerschunden und sch\u00f6n.<\/span><\/p>\n<p style=\"text-align: center;\"><span style=\"font-size: 14pt; font-family: verdana, geneva, sans-serif;\">Wenn der Tag kommt, treten wir aus dem Schatten heraus,<br \/>\n<\/span><span style=\"font-size: 14pt; font-family: verdana, geneva, sans-serif;\">entflammt und ohne Angst.<br \/>\n<\/span><span style=\"font-size: 14pt; font-family: verdana, geneva, sans-serif;\">Die neue Morgend\u00e4mmerung erbl\u00fcht, wenn wir sie befreien.<br \/>\n<\/span><span style=\"font-size: 14pt; font-family: verdana, geneva, sans-serif;\">Denn es gibt immer Licht,<br \/>\n<\/span><span style=\"font-size: 14pt; font-family: verdana, geneva, sans-serif;\">wenn wir nur mutig genug sind, es zu sehen,<br \/>\n<\/span><span style=\"font-size: 14pt; font-family: verdana, geneva, sans-serif;\">wenn wir nur mutig genug sind, es zu sein.<\/span><\/p>\n","protected":false},"excerpt":{"rendered":"<p>\u201eDer H\u00fcgel, den wir erklimmen\u201c von Amanda Gorman Mr. President, Dr. Biden, Madam Vice President, Mr. Emhoff, B\u00fcrger Amerikas und der ganzen Welt, Wenn es Tag wird, fragen wir uns, wo wir Licht zu finden verm\u00f6gen, in diesem niemals endenden Schatten? Den Verlust, den wir tragen, ein Meer, das wir durchwaten m\u00fcssen. Wir haben dem\u2026 <span class=\"read-more\"><a href=\"https:\/\/www.weltwaldwiesen.de\/weichenstellen\/huegel-erklimmen\/\">Weiterlesen &raquo;<\/a><\/span><\/p>\n","protected":false},"author":1,"featured_media":0,"comment_status":"closed","ping_status":"open","sticky":false,"template":"","format":"standard","meta":{"spay_email":"","jetpack_publicize_message":"","jetpack_is_tweetstorm":false,"jetpack_publicize_feature_enabled":true},"categories":[5],"tags":[],"jetpack_featured_media_url":"","jetpack_publicize_connections":[],"jetpack_shortlink":"https:\/\/wp.me\/p3UvYh-2uY","jetpack_sharing_enabled":true,"_links":{"self":[{"href":"https:\/\/www.weltwaldwiesen.de\/weichenstellen\/wp-json\/wp\/v2\/posts\/9608"}],"collection":[{"href":"https:\/\/www.weltwaldwiesen.de\/weichenstellen\/wp-json\/wp\/v2\/posts"}],"about":[{"href":"https:\/\/www.weltwaldwiesen.de\/weichenstellen\/wp-json\/wp\/v2\/types\/post"}],"author":[{"embeddable":true,"href":"https:\/\/www.weltwaldwiesen.de\/weichenstellen\/wp-json\/wp\/v2\/users\/1"}],"replies":[{"embeddable":true,"href":"https:\/\/www.weltwaldwiesen.de\/weichenstellen\/wp-json\/wp\/v2\/comments?post=9608"}],"version-history":[{"count":4,"href":"https:\/\/www.weltwaldwiesen.de\/weichenstellen\/wp-json\/wp\/v2\/posts\/9608\/revisions"}],"predecessor-version":[{"id":9620,"href":"https:\/\/www.weltwaldwiesen.de\/weichenstellen\/wp-json\/wp\/v2\/posts\/9608\/revisions\/9620"}],"wp:attachment":[{"href":"https:\/\/www.weltwaldwiesen.de\/weichenstellen\/wp-json\/wp\/v2\/media?parent=9608"}],"wp:term":[{"taxonomy":"category","embeddable":true,"href":"https:\/\/www.weltwaldwiesen.de\/weichenstellen\/wp-json\/wp\/v2\/categories?post=9608"},{"taxonomy":"post_tag","embeddable":true,"href":"https:\/\/www.weltwaldwiesen.de\/weichenstellen\/wp-json\/wp\/v2\/tags?post=9608"}],"curies":[{"name":"wp","href":"https:\/\/api.w.org\/{rel}","templated":true}]}}