{"id":9581,"date":"2021-01-08T22:54:39","date_gmt":"2021-01-08T21:54:39","guid":{"rendered":"https:\/\/www.weichenstellen.de\/blog\/?p=9581"},"modified":"2021-01-09T19:05:15","modified_gmt":"2021-01-09T18:05:15","slug":"9581-2","status":"publish","type":"post","link":"https:\/\/www.weltwaldwiesen.de\/weichenstellen\/9581-2\/","title":{"rendered":"Dialog Trump"},"content":{"rendered":"<p><strong>November 2016<\/strong><\/p>\n<p style=\"text-align: center;\"><span style=\"color: #ff0000; font-size: 24pt;\"><strong>EINSEITIGER DIALOG MIT<br \/>\nMR. DONALD TRUMP<\/strong><\/span><\/p>\n<p style=\"text-align: center;\"><span style=\"font-family: verdana, geneva, sans-serif; font-size: 14pt;\"><em><strong>AUCH NACH IHRER VEREIDIGUNG:<br \/>\nSO NICHT, MR. TRUMP!<\/strong><\/em><\/span><\/p>\n<p style=\"text-align: center;\"><span style=\"font-family: verdana, geneva, sans-serif; font-size: 14pt;\">\u00a0<em>Sehr geehrter Herr Trump,<\/em> <strong><br \/>\n<\/strong><b>Viele weisen Ihre Angstmacherei,<br \/>\nIhre Hetztiraden und Ihre Scheinheiligkeit zur\u00fcck.<\/b><\/span><\/p>\n<p style=\"text-align: center;\"><em><span style=\"font-size: 14pt; font-family: verdana, geneva, sans-serif;\">Wir lehnen Ihre Unterst\u00fctzung von Gewalt ab,<\/span><\/em><br \/>\n<em><span style=\"font-size: 14pt; font-family: verdana, geneva, sans-serif;\">Wir lehnen es ab, dass Sie Frauen, Muslime, Mexikaner und Millionen andere Menschen diskriminieren,<\/span><\/em><br \/>\n<em><span style=\"font-size: 14pt; font-family: verdana, geneva, sans-serif;\">die nicht so aussehen und reden wie Sie oder nicht zum selben Gott beten.<\/span><\/em><br \/>\n<em><span style=\"font-size: 14pt; font-family: verdana, geneva, sans-serif;\">Wo Sie \u00c4ngste sch\u00fcren, entscheiden wir uns f\u00fcr Mitgef\u00fchl.<\/span><\/em><br \/>\n<em><span style=\"font-size: 14pt; font-family: verdana, geneva, sans-serif;\">Wo Sie Verzweiflung verbreiten, entscheiden wir uns f\u00fcr Hoffnung.<\/span><\/em><br \/>\n<em><span style=\"font-size: 14pt; font-family: verdana, geneva, sans-serif;\">Wo Sie Ignoranz propagieren, entscheiden wir uns f\u00fcr Verst\u00e4ndnis.<\/span><\/em><br \/>\n<em><span style=\"font-size: 14pt; font-family: verdana, geneva, sans-serif;\">Wo Sie Egoismus propagieren, treten wir f\u00fcr Solidarit\u00e4t ein.<\/span><\/em><\/p>\n<p style=\"text-align: center;\"><span style=\"font-family: verdana, geneva, sans-serif; font-size: 14pt;\"><span style=\"color: #ff0000;\"><b>Als B\u00fcrger und B\u00fcrgerinnen dieser Welt<br \/>\nstehen wir geschlossen gegen Ihre Politik der Spaltung.<\/b>\u00a0<\/span><strong><br \/>\n<\/strong><\/span><\/p>\n<p><span style=\"font-family: verdana, geneva, sans-serif; font-size: 14pt;\"><em>Ich f\u00fcge hinzu: Sie sind \u00fcber das demokratische System der USA gew\u00e4hlt. Mit Blick auf Ihre \u00c4u\u00dferungen ist\u00a0diese Wahl nicht nachzuvollziehen. <\/em><\/span><\/p>\n<p><span style=\"font-family: verdana, geneva, sans-serif; font-size: 14pt;\"><em>Ich setze meine Hoffnung darauf, dass der weltweite Widerstand sie so ber\u00fchrt, dass Sie \u201ain sich gehen\u2018 und dort die Kr\u00e4fte entdecken, die auch Sie wirklich tragen: Liebe und Freiheit.<\/em><\/span><\/p>\n<p><span style=\"font-family: verdana, geneva, sans-serif; font-size: 14pt;\"><em>Unter Liebe und Freiheit im Herzen atmen Menschen durch. Dieses \u201aDurchatmen\u2018 w\u00fcnsche ich Ihnen, damit Sie das anvertraute Amt in Vertrauen und ohne Angst gestalten und Widerstand sich in Hoffnung verwandeln kann.<\/em><\/span><\/p>\n<p><span style=\"font-family: verdana, geneva, sans-serif; font-size: 14pt;\"><strong>17. Februar 2017<\/strong><\/span><br \/>\n<span style=\"font-size: 14pt; font-family: verdana, geneva, sans-serif;\">Heute wird berichtet, dass Sie bei einer Pressekonferenz ge\u00e4u\u00dfert haben, sie w\u00fcrden die Proteste \u00fcberhaupt nicht verstehen und dann f\u00fcgten Sie hinzu: \u201aIch bin doch kein schlechter Mensch!\u2018<\/span><\/p>\n<p><span style=\"font-size: 14pt; font-family: verdana, geneva, sans-serif;\">Ich gehe davon aus, dass das eine Sicht ist, die Sie sehr besch\u00e4ftigt. Vielleicht ist das ja\u00a0\u00a0die \u201aTriebkraft\u2018 Ihrer Sprache und Ihres Handelns.\u00a0Sie sehnen sich danach, ein \u201aguter Mensch\u2018 zu sein,\u00a0geraten in Abh\u00e4ngigkeiten und machen Menschen von ihrer \u201aGut-Sein-Strategie\u2018 abh\u00e4ngig.<\/span><\/p>\n<p><span style=\"font-size: 14pt; font-family: verdana, geneva, sans-serif;\">W\u00e4ren\u00a0sie\u00a0\u00a0im Tiefsten davon \u00fcberzeugt, dass Sie gut (gemeint) sind und sich nicht gut machen m\u00fcssen \u2026.\u00a0Sie w\u00fcrden sich nicht\u00a0von Bedingungen, Menschen und Verh\u00e4ltnissen abh\u00e4ngig machen m\u00fcssen. Sie w\u00fcrden\u00a0ihren eigenen und den Wert eines jeden Menschen erkennen und so Begegnung in \u201aAugenh\u00f6he\u2018 erm\u00f6glichen. Ein Aufatmen ginge durch die Welt und sie w\u00fcrden\u00a0auch von diesem Atem leben.<\/span><\/p>\n<p><span style=\"font-family: verdana, geneva, sans-serif; font-size: 14pt;\"><strong>November 2020<\/strong><\/span><\/p>\n<p style=\"text-align: center;\"><span style=\"font-size: 14pt; font-family: verdana, geneva, sans-serif; color: #ff0000;\"><strong>Das w\u00fcnsche ich Ihnen auch und besonders nach Ihrer Abwahl!<\/strong><\/span><\/p>\n<p><span style=\"font-family: verdana, geneva, sans-serif; font-size: 14pt;\"><strong>6. Januar 2021<\/strong><\/span><\/p>\n<p><span style=\"font-size: 14pt; font-family: verdana, geneva, sans-serif;\">Sie zeigen gern die Bibel und missbrauchen auch sie.<br \/>\nNach Ihrer Abwahl, haben sich viele gefragt, wie Sie diesen Schritt vollziehen werden, einem gew\u00e4hlten Nachfolger in Respekt &#8218;das Feld&#8216; zu \u00fcberlassen. Was sich am &#8218;Capitol&#8216; durch Ihre unverantwortliche Demagogie ereignet hat, entlarvt Sie und best\u00e4tigt die fr\u00fche Sorge, dass Sie nur ihre eigene Macht im Blick haben und das Gro\u00dfe und Ganze schlicht ignorieren.<\/span><\/p>\n<p><span style=\"font-size: 14pt; font-family: verdana, geneva, sans-serif;\">Nun nehmen Sie in einer stillen Stunde die Bibel in die Hand und lesen sie die Erz\u00e4hlung von der Versuchung Jesu. <\/span><\/p>\n<p><span style=\"font-size: 14pt; font-family: verdana, geneva, sans-serif;\">Jesus <em>widersteht<\/em> der Verf\u00fchrung zur Omnipotenz &#8211; ich kann alles, ich darf alles, ich tue alles!\u00a0<\/span><span style=\"font-size: 14pt; font-family: verdana, geneva, sans-serif;\"> Dazu nutzt er die Bibel, die \u00fcberlieferte Strategie, zun\u00e4chst der Kraft Gottes den Raum zu geben, die bewahrt und begleitet und sich dann &#8218;zu verhalten&#8216;.<\/span><\/p>\n<p><span style=\"font-size: 14pt; font-family: verdana, geneva, sans-serif;\">Die Versuchung wich, das Bewusstsein wurde nicht vernebelt und blieb klar. Und dann hei\u00dft es: &#8218;<em>Da kamen Engel und dienten ihm<\/em>&#8218;. Diese Erfahrung haben Sie nun auch nicht machen k\u00f6nnen.<\/span><\/p>\n<p><span style=\"font-size: 14pt; font-family: verdana, geneva, sans-serif;\">Wir aber haben &#8218;Engel&#8216; zupacken sehen, wie sich mehr und mehr Menschen von Ihnen abwenden, sogar noch in den letzten Tagen Ihrer Amtszeit ein &#8218;Amtsenthebungsverfahren&#8216; anstrengen, um uns alle vor\u00a0 weiterem Unheil zu bewahren. Daf\u00fcr habe ich mehr als Verst\u00e4ndnis, wenn auch ein solcher Schritt keine wirkliche L\u00f6sung ist. Sie\u00a0 sollten sich auf weitere derartige\u00a0 eingreifende &#8218;Engel&#8216;-Aktionen einstellen und vielleicht <\/span><span style=\"font-family: verdana, geneva, sans-serif; font-size: 14pt;\">wachen sie irgendwann &#8218;befreit&#8216; auf.<\/span><strong><br \/>\n<\/strong><\/p>\n<p style=\"text-align: center;\"><span style=\"font-size: 14pt; font-family: verdana, geneva, sans-serif;\">Die Befreiung k\u00f6nnte so aussehen:<\/span><\/p>\n<p style=\"text-align: center;\"><em><span style=\"font-size: 14pt; font-family: verdana, geneva, sans-serif;\">Der helfend-heilende Gott,<\/span><\/em><br \/>\n<em><span style=\"font-size: 14pt; font-family: verdana, geneva, sans-serif;\">F\u00fclle allen Lebens,<\/span><\/em><br \/>\n<em><span style=\"font-size: 14pt; font-family: verdana, geneva, sans-serif;\">umw\u00e4rme dich<\/span><\/em><br \/>\n<em><span style=\"font-size: 14pt; font-family: verdana, geneva, sans-serif;\">in deiner Verlorenheit,<\/span><\/em><br \/>\n<em><span style=\"font-size: 14pt; font-family: verdana, geneva, sans-serif;\">trage dich<\/span><\/em><br \/>\n<em><span style=\"font-size: 14pt; font-family: verdana, geneva, sans-serif;\">in deiner Unsicherheit,<\/span><\/em><br \/>\n<em><span style=\"font-size: 14pt; font-family: verdana, geneva, sans-serif;\">st\u00e4rke dich<\/span><\/em><br \/>\n<em><span style=\"font-size: 14pt; font-family: verdana, geneva, sans-serif;\">in deiner Orientierungslosigkeit,<\/span><\/em><br \/>\n<em><span style=\"font-size: 14pt; font-family: verdana, geneva, sans-serif;\">belebe dich<\/span><\/em><br \/>\n<em><span style=\"font-size: 14pt; font-family: verdana, geneva, sans-serif;\">in deiner Starrheit,<\/span><\/em><br \/>\n<em><span style=\"font-size: 14pt; font-family: verdana, geneva, sans-serif;\">ermutige dich<\/span><\/em><br \/>\n<em><span style=\"font-size: 14pt; font-family: verdana, geneva, sans-serif;\">in deiner Verzagtheit<\/span><\/em><br \/>\n<em><span style=\"font-size: 14pt; font-family: verdana, geneva, sans-serif;\">und richte dich auf<\/span><\/em><br \/>\n<em><span style=\"font-size: 14pt; font-family: verdana, geneva, sans-serif;\">aus deiner Verkr\u00fcmmtheit.<\/span><\/em><br \/>\n<em><span style=\"font-size: 14pt; font-family: verdana, geneva, sans-serif;\">So sollst du befreit,<\/span><\/em><br \/>\n<em><span style=\"font-size: 14pt; font-family: verdana, geneva, sans-serif;\">aufrecht und aufrichtig leben.<\/span><\/em><br \/>\n<em><span style=\"font-size: 14pt; font-family: verdana, geneva, sans-serif;\">So sollst du gesegnet sein<\/span><\/em><br \/>\n<em><span style=\"font-size: 14pt; font-family: verdana, geneva, sans-serif;\">Tag f\u00fcr Tag.<\/span><\/em><br \/>\n<span style=\"font-size: 12pt; font-family: verdana, geneva, sans-serif;\">Christa Spilling-N\u00f6ker<\/span><\/p>\n<p><span style=\"font-size: 14pt; font-family: verdana, geneva, sans-serif;\">Wenn dieser Wunsch sie wirklich erreicht und in der Tiefe Ihrer Seele Raum gewinnt, werden Sie vielleicht authentisch vor das Volk treten und sagen k\u00f6nnen, dass Ihr Weg ein Irrweg war und sie um Vergebung bitten, wo Sie Menschen und Lebensr\u00e4ume mit Verd\u00e4chtigung und L\u00fcge gesch\u00e4digt haben. <\/span><\/p>\n<p><span style=\"font-size: 14pt; font-family: verdana, geneva, sans-serif;\">Warum ich das alles schreibe? Es dient meiner &#8218;Psycho-Hygiene&#8216; und unterst\u00fctzt mein kritisches Bewusstsein, denn es gibt viele Menschen, die Ihnen in der Art Ihrer Haltung \u00e4hneln und &#8218;umkehren&#8216; sollten. Die d\u00fcrfen das auch gern lesen!<\/span><\/p>\n<p style=\"text-align: center;\"><a href=\"https:\/\/www.weichenstellen.de\/blog\/kontakt\/\"><strong><span style=\"font-size: 14pt; font-family: verdana, geneva, sans-serif;\">Kontakt<\/span><\/strong><\/a><\/p>\n<hr \/>\n","protected":false},"excerpt":{"rendered":"<p>November 2016 EINSEITIGER DIALOG MIT MR. DONALD TRUMP AUCH NACH IHRER VEREIDIGUNG: SO NICHT, MR. TRUMP! \u00a0Sehr geehrter Herr Trump, Viele weisen Ihre Angstmacherei, Ihre Hetztiraden und Ihre Scheinheiligkeit zur\u00fcck. Wir lehnen Ihre Unterst\u00fctzung von Gewalt ab, Wir lehnen es ab, dass Sie Frauen, Muslime, Mexikaner und Millionen andere Menschen diskriminieren, die nicht so aussehen\u2026 <span class=\"read-more\"><a href=\"https:\/\/www.weltwaldwiesen.de\/weichenstellen\/9581-2\/\">Weiterlesen &raquo;<\/a><\/span><\/p>\n","protected":false},"author":1,"featured_media":0,"comment_status":"closed","ping_status":"open","sticky":false,"template":"","format":"standard","meta":{"spay_email":"","jetpack_publicize_message":"","jetpack_is_tweetstorm":false,"jetpack_publicize_feature_enabled":true},"categories":[5],"tags":[],"jetpack_featured_media_url":"","jetpack_publicize_connections":[],"jetpack_shortlink":"https:\/\/wp.me\/p3UvYh-2ux","jetpack_sharing_enabled":true,"_links":{"self":[{"href":"https:\/\/www.weltwaldwiesen.de\/weichenstellen\/wp-json\/wp\/v2\/posts\/9581"}],"collection":[{"href":"https:\/\/www.weltwaldwiesen.de\/weichenstellen\/wp-json\/wp\/v2\/posts"}],"about":[{"href":"https:\/\/www.weltwaldwiesen.de\/weichenstellen\/wp-json\/wp\/v2\/types\/post"}],"author":[{"embeddable":true,"href":"https:\/\/www.weltwaldwiesen.de\/weichenstellen\/wp-json\/wp\/v2\/users\/1"}],"replies":[{"embeddable":true,"href":"https:\/\/www.weltwaldwiesen.de\/weichenstellen\/wp-json\/wp\/v2\/comments?post=9581"}],"version-history":[{"count":8,"href":"https:\/\/www.weltwaldwiesen.de\/weichenstellen\/wp-json\/wp\/v2\/posts\/9581\/revisions"}],"predecessor-version":[{"id":9592,"href":"https:\/\/www.weltwaldwiesen.de\/weichenstellen\/wp-json\/wp\/v2\/posts\/9581\/revisions\/9592"}],"wp:attachment":[{"href":"https:\/\/www.weltwaldwiesen.de\/weichenstellen\/wp-json\/wp\/v2\/media?parent=9581"}],"wp:term":[{"taxonomy":"category","embeddable":true,"href":"https:\/\/www.weltwaldwiesen.de\/weichenstellen\/wp-json\/wp\/v2\/categories?post=9581"},{"taxonomy":"post_tag","embeddable":true,"href":"https:\/\/www.weltwaldwiesen.de\/weichenstellen\/wp-json\/wp\/v2\/tags?post=9581"}],"curies":[{"name":"wp","href":"https:\/\/api.w.org\/{rel}","templated":true}]}}