{"id":9529,"date":"2020-12-20T15:32:51","date_gmt":"2020-12-20T14:32:51","guid":{"rendered":"https:\/\/www.weichenstellen.de\/blog\/?p=9529"},"modified":"2020-12-20T15:32:51","modified_gmt":"2020-12-20T14:32:51","slug":"einstimmung-homepage","status":"publish","type":"post","link":"https:\/\/www.weltwaldwiesen.de\/weichenstellen\/einstimmung-homepage\/","title":{"rendered":"Einstimmung Homepage"},"content":{"rendered":"<p style=\"text-align: center;\"><strong><span style=\"font-size: 18pt; font-family: verdana, geneva, sans-serif;\">Hier findest du<br \/>\ngrunds\u00e4tzliche Erl\u00e4uterungen und Hinweise<br \/>\nzur Einstimmung auf meine Homepage<\/span><\/strong><\/p>\n<hr \/>\n<p style=\"text-align: center;\"><strong><span style=\"font-family: verdana, geneva, sans-serif; font-size: 18pt; color: #ff0000;\">HASS-SPRACHE STOPPEN<\/span><\/strong><\/p>\n<h2><em><a href=\"https:\/\/aktion.campact.de\/hate-speech\/appell-bundesweit\">https:\/\/aktion.campact.de\/hate-speech\/appell-bundesweit<\/a><\/em><\/h2>\n<p style=\"text-align: center;\"><strong><span style=\"font-size: 14pt;\">SPRACHE DER LIEBENDEN SEI DIE SPRACHE DES LANDES<\/span><br \/>\n<\/strong>(H\u00f6lderlin)<\/p>\n<hr \/>\n<p style=\"text-align: center;\"><strong><span style=\"font-size: 18pt; font-family: verdana, geneva, sans-serif;\">KOMMUNIKATION IN RESPEKT<\/span><br \/>\n<span style=\"font-size: 18pt; font-family: verdana, geneva, sans-serif;\">UND AUF AUGENH\u00d6HE<\/span><br \/>\n<a href=\"https:\/\/www.weichenstellen.de\/blog\/macken\/\"><em><span style=\"font-family: verdana, geneva, sans-serif; font-size: 14pt;\">\u201aMacken\u2018 gesucht<\/span><\/em><\/a><\/strong><\/p>\n<hr \/>\n<p style=\"text-align: center;\"><span style=\"font-size: 18pt; font-family: verdana, geneva, sans-serif; color: #ff0000;\"><strong>KARIKATUR RELIGI\u00d6SER SYMBOLE<\/strong><\/span><\/p>\n<p style=\"text-align: center;\"><strong><img loading=\"lazy\" class=\"size-medium wp-image-941 aligncenter\" src=\"https:\/\/weltwaldwiesen.de\/weichenstellen\/wp-content\/uploads\/2013\/11\/Kariakatur-208x300.jpg\" sizes=\"(max-width: 208px) 100vw, 208px\" srcset=\"https:\/\/www.weichenstellen.de\/blog\/wp-content\/uploads\/2013\/11\/Kariakatur-208x300.jpg 208w, https:\/\/www.weichenstellen.de\/blog\/wp-content\/uploads\/2013\/11\/Kariakatur.jpg 215w\" alt=\"Kariakatur\" width=\"208\" height=\"300\" \/><\/strong>Karikatur aus der Zeit es fr\u00fchen Christentums: Alexamenos betet seinen Gott (Esel) an<strong><br \/>\n<\/strong><\/p>\n<p><span style=\"font-family: verdana, geneva, sans-serif; font-size: 14pt;\">Und im \u00dcbrigen, das sei abschlie\u00dfend noch erw\u00e4hnt, bedeutet die Kritik an vorhandenen Gesetzen und die Forderung nach Aufhebung s\u00e4mtlicher Gesetze, die \u201aBlasphemie\u2018 kriminalisieren, wie j\u00fcngst von PEN International vorgebracht, ja keineswegs im Umkehrschluss einen Freibrief oder gar die Aufforderung, die Mitmenschen nun fr\u00f6hlich zu beleidigen und die Gef\u00fchle Andersdenkender und Andersgl\u00e4ubiger nicht zu respektieren \u2026 (Regula Venske)<\/span><\/p>\n<p><span style=\"font-family: verdana, geneva, sans-serif; font-size: 14pt;\"><em>Mehr lesen:<\/em> <strong><a href=\"https:\/\/www.weichenstellen.de\/blog\/reicht-nicht-aus\/\">Religiosit\u00e4t ist ein Teil von Identit\u00e4t<\/a><\/strong><\/span><\/p>\n<hr \/>\n<p style=\"text-align: center;\"><span style=\"font-size: 18pt;\"><strong><span style=\"font-family: verdana, geneva, sans-serif; color: #ff0000;\">UNSER KREUZ HAT KEINE HAKEN<\/span><br \/>\n<a href=\"https:\/\/weltwaldwiesen.de\/weichenstellen\/zehn-thesen\/\">10 Thesen gegen Rechtsextremismus<\/a><\/strong><\/span><\/p>\n<hr \/>\n<p style=\"text-align: center;\"><a href=\"https:\/\/www.weichenstellen.de\/blog\/\"><strong><span style=\"font-size: 14pt; font-family: verdana, geneva, sans-serif;\">Zur\u00fcck zur Startseite<\/span><\/strong><\/a><\/p>\n","protected":false},"excerpt":{"rendered":"<p>Hier findest du grunds\u00e4tzliche Erl\u00e4uterungen und Hinweise zur Einstimmung auf meine Homepage HASS-SPRACHE STOPPEN https:\/\/aktion.campact.de\/hate-speech\/appell-bundesweit SPRACHE DER LIEBENDEN SEI DIE SPRACHE DES LANDES (H\u00f6lderlin) KOMMUNIKATION IN RESPEKT UND AUF AUGENH\u00d6HE \u201aMacken\u2018 gesucht KARIKATUR RELIGI\u00d6SER SYMBOLE Karikatur aus der Zeit es fr\u00fchen Christentums: Alexamenos betet seinen Gott (Esel) an Und im \u00dcbrigen, das sei abschlie\u00dfend noch\u2026 <span class=\"read-more\"><a href=\"https:\/\/www.weltwaldwiesen.de\/weichenstellen\/einstimmung-homepage\/\">Weiterlesen &raquo;<\/a><\/span><\/p>\n","protected":false},"author":1,"featured_media":0,"comment_status":"closed","ping_status":"open","sticky":false,"template":"","format":"standard","meta":{"spay_email":"","jetpack_publicize_message":"","jetpack_is_tweetstorm":false,"jetpack_publicize_feature_enabled":true},"categories":[5],"tags":[],"jetpack_featured_media_url":"","jetpack_publicize_connections":[],"jetpack_shortlink":"https:\/\/wp.me\/p3UvYh-2tH","jetpack_sharing_enabled":true,"_links":{"self":[{"href":"https:\/\/www.weltwaldwiesen.de\/weichenstellen\/wp-json\/wp\/v2\/posts\/9529"}],"collection":[{"href":"https:\/\/www.weltwaldwiesen.de\/weichenstellen\/wp-json\/wp\/v2\/posts"}],"about":[{"href":"https:\/\/www.weltwaldwiesen.de\/weichenstellen\/wp-json\/wp\/v2\/types\/post"}],"author":[{"embeddable":true,"href":"https:\/\/www.weltwaldwiesen.de\/weichenstellen\/wp-json\/wp\/v2\/users\/1"}],"replies":[{"embeddable":true,"href":"https:\/\/www.weltwaldwiesen.de\/weichenstellen\/wp-json\/wp\/v2\/comments?post=9529"}],"version-history":[{"count":1,"href":"https:\/\/www.weltwaldwiesen.de\/weichenstellen\/wp-json\/wp\/v2\/posts\/9529\/revisions"}],"predecessor-version":[{"id":9530,"href":"https:\/\/www.weltwaldwiesen.de\/weichenstellen\/wp-json\/wp\/v2\/posts\/9529\/revisions\/9530"}],"wp:attachment":[{"href":"https:\/\/www.weltwaldwiesen.de\/weichenstellen\/wp-json\/wp\/v2\/media?parent=9529"}],"wp:term":[{"taxonomy":"category","embeddable":true,"href":"https:\/\/www.weltwaldwiesen.de\/weichenstellen\/wp-json\/wp\/v2\/categories?post=9529"},{"taxonomy":"post_tag","embeddable":true,"href":"https:\/\/www.weltwaldwiesen.de\/weichenstellen\/wp-json\/wp\/v2\/tags?post=9529"}],"curies":[{"name":"wp","href":"https:\/\/api.w.org\/{rel}","templated":true}]}}