{"id":9503,"date":"2020-12-11T22:19:19","date_gmt":"2020-12-11T21:19:19","guid":{"rendered":"https:\/\/www.weichenstellen.de\/blog\/?p=9503"},"modified":"2021-05-18T21:41:32","modified_gmt":"2021-05-18T19:41:32","slug":"enge-weiten","status":"publish","type":"post","link":"https:\/\/www.weltwaldwiesen.de\/weichenstellen\/enge-weiten\/","title":{"rendered":"Enge weiten"},"content":{"rendered":"<p style=\"text-align: center;\"><span style=\"font-size: 24pt; font-family: verdana, geneva, sans-serif; color: #ff0000;\"><strong>Weitere<br \/>\nnoch mehr ab- und ausgrenzende Ma\u00dfnahmen<br \/>\nangesichts rapide steigender<br \/>\nCorona-Infektionen<br \/>\nund entsprechend vieler Todesf\u00e4lle<br \/>\nsind unausweichlich!<\/strong> <\/span><\/p>\n<p><span style=\"font-size: 14pt; font-family: verdana, geneva, sans-serif;\">Weiter auf den zwar vertrauten, aber auch &#8218;engen&#8216; privaten Lebensraum angewiesen leben zu m\u00fcssen ist eine gro\u00dfe Herausforderung! Angesichts der gegenw\u00e4rtigen Situation notwendig,\u00a0 aber auch einengend!<br \/>\n<\/span><\/p>\n<p><span style=\"font-size: 14pt; font-family: verdana, geneva, sans-serif;\">Ich habe viele Menschen vor Augen. Ich h\u00f6re auch dieses: <strong>Ich trinke mehr Alkohol<\/strong>. Ein Genussmittel wird zum Problem-L\u00f6sungs-Mittel. Das Verh\u00e4ngnis einer lauernden Abh\u00e4ngigkeit ist nicht gering.<br \/>\n<\/span><\/p>\n<p style=\"text-align: center;\"><span style=\"font-size: 18pt; font-family: verdana, geneva, sans-serif; color: #ff0000;\">Wer diese Gefahr mehr &#8218;erkennen&#8216; m\u00f6chte,<br \/>\nfindet viele Hinweise.<\/span><span style=\"font-size: 18pt; font-family: verdana, geneva, sans-serif;\"><br \/>\n<a href=\"https:\/\/www.weichenstellen.de\/blog\/tragfaehigkeit\/\"><strong>Hier<\/strong><\/a> <\/span><\/p>\n<p><span style=\"font-size: 14pt; font-family: verdana, geneva, sans-serif;\">Ganz viel telefoniere ich in dieser Zeit, um Br\u00fccken aus m\u00f6glicherweise entstandener Enge und Leere zu bauen &#8230;..<br \/>\n<\/span><\/p>\n<p style=\"text-align: center;\"><a href=\"https:\/\/www.weichenstellen.de\/blog\/wp-content\/uploads\/2020\/12\/DSC_0305klein.jpg\"><img loading=\"lazy\" class=\"alignnone size-medium wp-image-9512\" src=\"https:\/\/www.weichenstellen.de\/blog\/wp-content\/uploads\/2020\/12\/DSC_0305klein-300x199.jpg\" alt=\"\" width=\"300\" height=\"199\" srcset=\"https:\/\/www.weltwaldwiesen.de\/weichenstellen\/wp-content\/uploads\/2020\/12\/DSC_0305klein-300x199.jpg 300w, https:\/\/www.weltwaldwiesen.de\/weichenstellen\/wp-content\/uploads\/2020\/12\/DSC_0305klein.jpg 450w\" sizes=\"(max-width: 300px) 100vw, 300px\" \/><\/a><\/p>\n<p style=\"text-align: center;\"><span style=\"font-size: 24pt;\"><strong><span style=\"font-family: verdana, geneva, sans-serif;\">So mache ich hier dieses Angebot:<\/span><\/strong><\/span><\/p>\n<p style=\"text-align: center;\"><span style=\"text-decoration: underline;\"><em><span style=\"font-size: 14pt; font-family: verdana, geneva, sans-serif;\">Wenn dir gleichsam die &#8218;Decke auf den Kopf f\u00e4llt&#8216;, du in der Unertr\u00e4glichkeit\u00a0 &#8218;Mittel&#8216; nutzt, die in die Abh\u00e4ngigkeit f\u00fchren k\u00f6nnen<br \/>\nund du den Kontakt nach &#8218;drau\u00dfen&#8216; m\u00f6chtest, dann rufe mich gern an.<\/span><\/em><\/span><\/p>\n<p style=\"text-align: center;\"><span style=\"font-size: 14pt; font-family: verdana, geneva, sans-serif;\"><strong><span style=\"font-size: 18pt;\">05476 &#8211; 919 317<\/span> <\/strong><\/span><\/p>\n<p style=\"text-align: center;\"><strong><span style=\"font-size: 18pt; color: #ff0000;\">An jedem Abend von 21-22 Uhr<\/span>.<\/strong><\/p>\n<p style=\"text-align: center;\"><span style=\"font-size: 14pt; font-family: verdana, geneva, sans-serif;\">Sollte der AB laufen, bitte Namen und Telefon nennen.<br \/>\n<span style=\"text-decoration: underline;\">Ich rufe dann zur\u00fcck.<\/span><br \/>\n<\/span><\/p>\n<hr \/>\n<p style=\"text-align: center;\"><span style=\"font-size: 18pt;\"><strong><span style=\"font-family: verdana, geneva, sans-serif;\">Wer macht dieses Angebot?<\/span><\/strong><\/span><\/p>\n<p style=\"text-align: center;\"><span style=\"font-size: 14pt; font-family: verdana, geneva, sans-serif;\">Der &#8218;Betreiber&#8216; dieser Homepage, Jan-Peter Wilckens.<br \/>\n<strong>Zum n\u00e4heren Kennenlernen, falls ich dir unbekannt bin &#8230;<\/strong><\/span><\/p>\n<p style=\"text-align: center;\"><span style=\"font-size: 14pt; font-family: verdana, geneva, sans-serif;\"><a href=\"https:\/\/www.weichenstellen.de\/blog\/mein-selbstverstaendnis\/wer-bin-ich\/\"><strong>WER BIN ICH<\/strong><\/a><\/span><\/p>\n<p style=\"text-align: center;\"><em><span style=\"font-size: 18pt; font-family: verdana, geneva, sans-serif;\">Ich danke f\u00fcr das Vertrauen!<\/span><\/em><\/p>\n<p style=\"text-align: center;\"><a href=\"https:\/\/www.weichenstellen.de\/blog\/wp-content\/uploads\/2020\/12\/Wagen.jpg\"><img loading=\"lazy\" class=\"alignnone size-medium wp-image-9505\" src=\"https:\/\/www.weichenstellen.de\/blog\/wp-content\/uploads\/2020\/12\/Wagen-225x300.jpg\" alt=\"\" width=\"225\" height=\"300\" srcset=\"https:\/\/www.weltwaldwiesen.de\/weichenstellen\/wp-content\/uploads\/2020\/12\/Wagen-225x300.jpg 225w, https:\/\/www.weltwaldwiesen.de\/weichenstellen\/wp-content\/uploads\/2020\/12\/Wagen-768x1024.jpg 768w, https:\/\/www.weltwaldwiesen.de\/weichenstellen\/wp-content\/uploads\/2020\/12\/Wagen-660x880.jpg 660w\" sizes=\"(max-width: 225px) 100vw, 225px\" \/><\/a><\/p>\n<p style=\"text-align: center;\"><span style=\"font-family: verdana, geneva, sans-serif; font-size: 14pt;\"><span style=\"color: #ff0000;\"><strong>Die \u201aZehn-Finger-Methode\u2018<\/strong> <\/span><br \/>\n(Das kann man an zehn Fingern abz\u00e4hlen).<\/span><\/p>\n<p><span style=\"font-family: verdana, geneva, sans-serif; font-size: 14pt;\">An den f\u00fcnf Fingern der rechten Hand die Unertr\u00e4glichkeiten, das Widerspr\u00fcchliche \u2026\u00a0 aufz\u00e4hlen. <\/span><\/p>\n<p><span style=\"font-family: verdana, geneva, sans-serif; font-size: 14pt;\">An den f\u00fcnf Fingern der linken Hand die eigenen M\u00f6glichkeiten, das Gelungene, die st\u00e4rkenden Strategien \u2026 aufz\u00e4hlen. <\/span><\/p>\n<p><span style=\"font-size: 14pt; font-family: verdana, geneva, sans-serif;\">Dann die beiden H\u00e4nde zusammenlegen, und f\u00fchlen wie die Finger sich ber\u00fchren. Das Widerstreitende kommt mit dem M\u00f6glichkeiten in Ber\u00fchrung. Das ist eine wie eine Gebets-Haltung.<\/span><\/p>\n<p><a href=\"https:\/\/www.weichenstellen.de\/blog\/kontakt\/\"><span style=\"font-size: 14pt; font-family: verdana, geneva, sans-serif;\">KONTAKT<\/span><\/a><\/p>\n","protected":false},"excerpt":{"rendered":"<p>Weitere noch mehr ab- und ausgrenzende Ma\u00dfnahmen angesichts rapide steigender Corona-Infektionen und entsprechend vieler Todesf\u00e4lle sind unausweichlich! Weiter auf den zwar vertrauten, aber auch &#8218;engen&#8216; privaten Lebensraum angewiesen leben zu m\u00fcssen ist eine gro\u00dfe Herausforderung! Angesichts der gegenw\u00e4rtigen Situation notwendig,\u00a0 aber auch einengend! Ich habe viele Menschen vor Augen. Ich h\u00f6re auch dieses: Ich trinke\u2026 <span class=\"read-more\"><a href=\"https:\/\/www.weltwaldwiesen.de\/weichenstellen\/enge-weiten\/\">Weiterlesen &raquo;<\/a><\/span><\/p>\n","protected":false},"author":1,"featured_media":0,"comment_status":"closed","ping_status":"open","sticky":false,"template":"","format":"standard","meta":{"spay_email":"","jetpack_publicize_message":"","jetpack_is_tweetstorm":false,"jetpack_publicize_feature_enabled":true},"categories":[5],"tags":[],"jetpack_featured_media_url":"","jetpack_publicize_connections":[],"jetpack_shortlink":"https:\/\/wp.me\/p3UvYh-2th","jetpack_sharing_enabled":true,"_links":{"self":[{"href":"https:\/\/www.weltwaldwiesen.de\/weichenstellen\/wp-json\/wp\/v2\/posts\/9503"}],"collection":[{"href":"https:\/\/www.weltwaldwiesen.de\/weichenstellen\/wp-json\/wp\/v2\/posts"}],"about":[{"href":"https:\/\/www.weltwaldwiesen.de\/weichenstellen\/wp-json\/wp\/v2\/types\/post"}],"author":[{"embeddable":true,"href":"https:\/\/www.weltwaldwiesen.de\/weichenstellen\/wp-json\/wp\/v2\/users\/1"}],"replies":[{"embeddable":true,"href":"https:\/\/www.weltwaldwiesen.de\/weichenstellen\/wp-json\/wp\/v2\/comments?post=9503"}],"version-history":[{"count":15,"href":"https:\/\/www.weltwaldwiesen.de\/weichenstellen\/wp-json\/wp\/v2\/posts\/9503\/revisions"}],"predecessor-version":[{"id":9907,"href":"https:\/\/www.weltwaldwiesen.de\/weichenstellen\/wp-json\/wp\/v2\/posts\/9503\/revisions\/9907"}],"wp:attachment":[{"href":"https:\/\/www.weltwaldwiesen.de\/weichenstellen\/wp-json\/wp\/v2\/media?parent=9503"}],"wp:term":[{"taxonomy":"category","embeddable":true,"href":"https:\/\/www.weltwaldwiesen.de\/weichenstellen\/wp-json\/wp\/v2\/categories?post=9503"},{"taxonomy":"post_tag","embeddable":true,"href":"https:\/\/www.weltwaldwiesen.de\/weichenstellen\/wp-json\/wp\/v2\/tags?post=9503"}],"curies":[{"name":"wp","href":"https:\/\/api.w.org\/{rel}","templated":true}]}}