{"id":9492,"date":"2020-12-10T22:11:06","date_gmt":"2020-12-10T21:11:06","guid":{"rendered":"https:\/\/www.weichenstellen.de\/blog\/?p=9492"},"modified":"2021-02-02T16:12:57","modified_gmt":"2021-02-02T15:12:57","slug":"9492-2","status":"publish","type":"post","link":"https:\/\/www.weltwaldwiesen.de\/weichenstellen\/9492-2\/","title":{"rendered":"Impfung"},"content":{"rendered":"<p style=\"text-align: center;\"><span style=\"font-size: 24pt;\"><span style=\"color: #ff0000;\"><strong><span style=\"font-family: verdana, geneva, sans-serif;\">BARMHERZIGKEIT<br \/>\n<\/span><\/strong><\/span><strong><span style=\"font-family: verdana, geneva, sans-serif;\">KANN WIE EINE IMPFUNG SEIN<\/span><\/strong><\/span><span style=\"color: #ff0000;\"><strong><span style=\"font-family: verdana, geneva, sans-serif; font-size: 24pt;\"><br \/>\n<\/span><\/strong><\/span><\/p>\n<p style=\"text-align: center;\"><a href=\"https:\/\/www.weichenstellen.de\/blog\/wp-content\/uploads\/2020\/12\/DSC_0279-klein.jpg\"><img loading=\"lazy\" class=\"alignnone size-medium wp-image-9497\" src=\"https:\/\/www.weichenstellen.de\/blog\/wp-content\/uploads\/2020\/12\/DSC_0279-klein-300x199.jpg\" alt=\"\" width=\"300\" height=\"199\" srcset=\"https:\/\/www.weltwaldwiesen.de\/weichenstellen\/wp-content\/uploads\/2020\/12\/DSC_0279-klein-300x199.jpg 300w, https:\/\/www.weltwaldwiesen.de\/weichenstellen\/wp-content\/uploads\/2020\/12\/DSC_0279-klein.jpg 450w\" sizes=\"(max-width: 300px) 100vw, 300px\" \/><\/a><\/p>\n<p style=\"text-align: center;\"><span style=\"font-size: 24pt; color: #ff0000;\"><strong>Seid barmherzig, wie es auch euer Vater ist!<\/strong><\/span><\/p>\n<p>&nbsp;<\/p>\n<p style=\"text-align: center;\"><span style=\"font-size: 18pt; color: #000000;\"><strong><span style=\"font-family: verdana, geneva, sans-serif;\">LEITWORT (JAHRESLOSUNG) F\u00dcR 2021<\/span><\/strong><\/span><\/p>\n<p style=\"text-align: center;\"><span style=\"font-size: 14pt; font-family: verdana, geneva, sans-serif;\">Lukas-Evangelium\u00a0 6, 36<\/span><\/p>\n<p style=\"text-align: left;\"><a href=\"https:\/\/www.weichenstellen.de\/blog\/wp-content\/uploads\/2013\/11\/Anrede-1.jpg\"><img loading=\"lazy\" class=\"alignnone size-medium wp-image-851\" src=\"https:\/\/www.weichenstellen.de\/blog\/wp-content\/uploads\/2013\/11\/Anrede-1-300x125.jpg\" alt=\"\" width=\"300\" height=\"125\" srcset=\"https:\/\/www.weltwaldwiesen.de\/weichenstellen\/wp-content\/uploads\/2013\/11\/Anrede-1-300x125.jpg 300w, https:\/\/www.weltwaldwiesen.de\/weichenstellen\/wp-content\/uploads\/2013\/11\/Anrede-1.jpg 425w\" sizes=\"(max-width: 300px) 100vw, 300px\" \/><\/a><\/p>\n<p style=\"text-align: left;\"><span style=\"font-size: 14pt; font-family: verdana, geneva, sans-serif;\">\u201aErbarme dich unser\u2018 \u2013 ist h\u00e4ufig genannter Ruf bei Begegnungen mit Jesus, die auch in der gottesdienstlichen Liturgie ihren Platz hat. Es ist die Selbsterkenntnis eigener Bed\u00fcrftigkeit, die solchem Ruf oder auch Schrei vorangeht. Bed\u00fcrftigkeit ist nicht Unterw\u00fcrfigkeit,\u00a0 sondern Kennzeichen von Souver\u00e4nit\u00e4t und Selbstachtung.<\/span><\/p>\n<p style=\"text-align: left;\"><span style=\"font-size: 14pt; font-family: verdana, geneva, sans-serif;\">Im Zusammenhang solcher Begegnungen ist h\u00e4ufig die Frage Jesu \u00fcberliefert: \u201a<em>Was willst du, das ich dir tun soll<\/em>\u2018. Das ist eine Frage in Augenh\u00f6he und richtet sich an die Selbst(be)achtung.<\/span><\/p>\n<p style=\"text-align: left;\"><span style=\"font-size: 14pt; font-family: verdana, geneva, sans-serif;\">Barmherzigkeit ist also ein Beziehungs-Ereignis. In der spirituellen Bindung an \u201aGott\u2018 hat Barmherzigkeit ihre Existenz. Das nennen wir \u201aSegen\u2018. Jeder Segen ist barmherziges Handeln und jedes barmherzige Handeln ist Segen!<\/span><\/p>\n<p style=\"text-align: left;\"><span style=\"font-size: 14pt; font-family: verdana, geneva, sans-serif;\">Der barmherzige Umgang miteinander setzt also den Segen Gottes gleichsam frei, um wie ein Ferment alles Handeln zu durchziehen. <em>\u201aWo zwei oder drei (und ihr Handeln) in meinem Namen versammelt sind, da bin ich (ist Segen) wie eine Kraft mitten unter euch pr\u00e4sent\u2018 <\/em>\u2013 so meint es Matth\u00e4us, wenn er Jesus das sagen l\u00e4sst.<\/span><\/p>\n<p><span style=\"font-size: 14pt; font-family: verdana, geneva, sans-serif;\">Wie Saat aus einem gut bestellten Acker sprie\u00dft, so wird das hervor sprie\u00dfen, was ein solches Miteinander st\u00fctzt: Liebe, Gerechtigkeit, Freude an Vielf\u00e4ltigkeit und Ideen, alles Ausdrucksformen von Barmherzigkeit.<\/span><\/p>\n<p style=\"text-align: center;\"><span style=\"font-size: 14pt; font-family: verdana, geneva, sans-serif;\"><a href=\"https:\/\/www.weichenstellen.de\/blog\/wp-content\/uploads\/2020\/12\/AckerSymbol.jpg\"><img loading=\"lazy\" class=\"size-medium wp-image-9498 aligncenter\" src=\"https:\/\/www.weichenstellen.de\/blog\/wp-content\/uploads\/2020\/12\/AckerSymbol-300x261.jpg\" alt=\"\" width=\"300\" height=\"261\" srcset=\"https:\/\/www.weltwaldwiesen.de\/weichenstellen\/wp-content\/uploads\/2020\/12\/AckerSymbol-300x261.jpg 300w, https:\/\/www.weltwaldwiesen.de\/weichenstellen\/wp-content\/uploads\/2020\/12\/AckerSymbol.jpg 411w\" sizes=\"(max-width: 300px) 100vw, 300px\" \/><\/a><\/span><\/p>\n<p><span style=\"font-size: 14pt; font-family: verdana, geneva, sans-serif;\">Das \u00a0Bedingungsgef\u00fcge von Barmherzigkeit und Segen durchstr\u00f6mt alle Texte der Bibel, wo es darum geht, sich Menschen in Not zuzuwenden. Und sie weisen noch einen weiteren Aspekt von \u201aSegens-Beziehung\u2018 auf. Beim Propheten Jesaja 58, 6-9 (und anderen Stellen) hei\u00dft es so:<br \/>\n<\/span><\/p>\n<hr \/>\n<p><span style=\"font-size: 14pt; font-family: verdana, geneva, sans-serif;\"><em>6 Das ist eine Lebensgestaltung, wie ich sie liebe:<br \/>\n<\/em><\/span><span style=\"font-size: 14pt; font-family: verdana, geneva, sans-serif;\"><em>Die Fesseln des Unrechts zu l\u00f6sen, <\/em><\/span><span style=\"font-size: 14pt; font-family: verdana, geneva, sans-serif;\"><em>die Stricke des Jochs zu entfernen, die Versklavten freizulassen, <\/em><\/span><span style=\"font-size: 14pt; font-family: verdana, geneva, sans-serif;\"><em>jedes Joch zu zerbrechen,<\/em><\/span><\/p>\n<p><span style=\"font-size: 14pt; font-family: verdana, geneva, sans-serif;\"><em>7 an die Hungrigen dein Brot auszuteilen, <\/em><\/span><span style=\"font-size: 14pt; font-family: verdana, geneva, sans-serif;\"><em>die obdachlosen Armen ins Haus aufzunehmen, wenn du einen Nackten siehst, ihn zu bekleiden <\/em><\/span><span style=\"font-size: 14pt; font-family: verdana, geneva, sans-serif;\"><em>und dich deinen Verwandten nicht zu entziehen.<\/em><\/span><\/p>\n<p><span style=\"font-size: 14pt; font-family: verdana, geneva, sans-serif;\"><em>8 Dann wird dein Licht hervorbrechen wie die Morgenr\u00f6te <\/em><\/span><span style=\"font-size: 14pt; font-family: verdana, geneva, sans-serif;\"><em>und deine Wunden werden schnell vernarben. Deine Gerechtigkeit geht dir voran, die Herrlichkeit des Herrn folgt dir nach.<\/em><\/span><\/p>\n<p><span style=\"font-size: 14pt; font-family: verdana, geneva, sans-serif;\"><em>9 Wenn du dann rufst, wird der Herr sagen: Hier bin ich!<\/em><em><br \/>\n<\/em><\/span><\/p>\n<hr \/>\n<p><span style=\"font-size: 14pt; font-family: verdana, geneva, sans-serif;\">Barmherziges Handeln steht also im Zeichen von \u201aReziprozit\u00e4t\u2018, einer Wechselbeziehung, die ins Gleichgewicht f\u00fchrt. Barmherziges Handeln in dieser \u201aKopplung\u2018 f\u00fchrt nie ins Burn-Out, sondern immer ins Gleichgewicht.<\/span><\/p>\n<p><span style=\"font-size: 14pt; font-family: verdana, geneva, sans-serif;\">So ist das diesj\u00e4hrige \u201aLeitwort\u2018 sinnf\u00e4llig wie \u00dcberschrift zu einem \u201aEmpathie\u2018-Gleichnis, das Jesus erz\u00e4hlt:<br \/>\n<\/span><\/p>\n<hr \/>\n<p><span style=\"font-size: 14pt; font-family: verdana, geneva, sans-serif;\"><em>36 <strong>Seid barmherzig, wie es auch euer Vater ist<\/strong>.<\/em><\/span><\/p>\n<p><span style=\"font-size: 14pt; font-family: verdana, geneva, sans-serif;\"><em>37 Richtet nicht, dann werdet auch ihr nicht gerichtet werden. Verurteilt nicht, dann werdet auch ihr nicht verurteilt werden. Erlasst einander die Schuld, dann wird auch euch die Schuld erlassen werden.<\/em><\/span><\/p>\n<p><span style=\"font-size: 14pt; font-family: verdana, geneva, sans-serif;\"><em>38 Gebt, dann wird auch euch gegeben werden. In reichem, vollem, geh\u00e4uftem, \u00fcberflie\u00dfendem Ma\u00df wird man euch beschenken; denn nach dem Ma\u00df, mit dem ihr messt und zuteilt, wird auch euch zugeteilt werden.<\/em><\/span><\/p>\n<p><span style=\"font-size: 14pt; font-family: verdana, geneva, sans-serif;\"><em>39 Er gebrauchte auch einen Vergleich und sagte: Kann ein Blinder einen Blinden f\u00fchren? Werden nicht beide in eine Grube fallen?<\/em><\/span><\/p>\n<p><span style=\"font-size: 14pt; font-family: verdana, geneva, sans-serif;\"><em>40 Der J\u00fcnger steht nicht \u00fcber seinem Meister; jeder aber, der alles gelernt hat, wird wie sein Meister sein.<\/em><\/span><\/p>\n<p><span style=\"font-size: 14pt; font-family: verdana, geneva, sans-serif;\"><em>41 Warum siehst du den Splitter im Auge deines Bruders, aber den Balken in deinem eigenen Auge bemerkst du nicht?<\/em><\/span><\/p>\n<p><span style=\"font-size: 14pt; font-family: verdana, geneva, sans-serif;\"><em>42 Wie kannst du zu deinem Bruder sagen: Bruder, lass mich den Splitter aus deinem Auge herausziehen!, w\u00e4hrend du den Balken in deinem eigenen Auge nicht siehst? Du Heuchler! Zieh zuerst den Balken aus deinem Auge; dann kannst du versuchen, den Splitter aus dem Auge deines Bruders herauszuziehen.<br \/>\n<\/em><\/span><\/p>\n<p><span style=\"font-family: verdana, geneva, sans-serif;\">Lukas 6, 36-42<\/span><\/p>\n<hr \/>\n<p><span style=\"font-size: 14pt; font-family: verdana, geneva, sans-serif;\">\u201aEmpathie\u2018 meint die F\u00e4higkeit, sich selbst und den anderen Menschen auf gleicher Ebene zu erkennen.1) <\/span><span style=\"font-size: 14pt; font-family: verdana, geneva, sans-serif;\">Barmherzig sein ist intimes Geschehen, das schon in dem Hinweis \u201a<em>wie euer Vater<\/em>\u2018 anklingt. Es ist viel mehr als das kalkulierende \u201a<em>Was du nicht willst, das man dir tu, das f\u00fcg auch keinem andern zu!<\/em>\u2018 <\/span><span style=\"font-size: 14pt; font-family: verdana, geneva, sans-serif;\">Barmherzigkeit setzt &#8218;Engel-<\/span><span style=\"font-size: 14pt; font-family: verdana, geneva, sans-serif;\">Kr\u00e4fte&#8216; frei. Die findet ihr unten aufgef\u00fchrt. <\/span><span style=\"font-size: 14pt; font-family: verdana, geneva, sans-serif;\"><a href=\"https:\/\/www.weichenstellen.de\/blog\/wp-content\/uploads\/2020\/12\/DSC_0233-klein.jpg\"><img loading=\"lazy\" class=\"size-medium wp-image-9562 aligncenter\" src=\"https:\/\/www.weichenstellen.de\/blog\/wp-content\/uploads\/2020\/12\/DSC_0233-klein-200x300.jpg\" alt=\"\" width=\"200\" height=\"300\" srcset=\"https:\/\/www.weltwaldwiesen.de\/weichenstellen\/wp-content\/uploads\/2020\/12\/DSC_0233-klein-200x300.jpg 200w, https:\/\/www.weltwaldwiesen.de\/weichenstellen\/wp-content\/uploads\/2020\/12\/DSC_0233-klein.jpg 450w\" sizes=\"(max-width: 200px) 100vw, 200px\" \/><\/a><br \/>\n<\/span><\/p>\n<p><span style=\"font-size: 14pt; font-family: verdana, geneva, sans-serif;\">Dieses Foto verdeutlicht das Verh\u00e4ltnis von Barmherzigkeit und &#8218;Engel-Kr\u00e4ften&#8216;. Je l\u00e4nger die Kerze brennt,desto mehr bildet sich ein Engel-Bild.\u00a0 Wenn wir Liebe, Licht, Aufmerksamkeit und was sonst st\u00fctzt und st\u00e4rkt, gerade bei Bed\u00fcrftigkeit &#8218;barmherzig&#8216; geben, werden wir zu engelhaften Wesen.<\/span><\/p>\n<p><span style=\"font-size: 14pt; font-family: verdana, geneva, sans-serif;\">Dieses Handeln kennt kein \u201aOben\u2018 und kein \u2019Unten\u2018. Barmherzigkeit ist ein Beziehungsereignis!<br \/>\n<\/span><\/p>\n<p style=\"text-align: center;\"><span style=\"font-size: 14pt; font-family: verdana, geneva, sans-serif;\"><strong><span style=\"color: #ff0000;\">Barmherzigkeit ist ein Beziehungsereignis.<\/span><br \/>\n<span style=\"color: #ff0000;\">Konkret! Und wie bitte?<\/span><br \/>\n<\/strong><\/span><\/p>\n<hr \/>\n<p><span style=\"font-size: 14pt; font-family: verdana, geneva, sans-serif;\"><em>25 Da stand ein Gesetzeslehrer auf, und um Jesus auf die Probe zu stellen, fragte er ihn: Meister, was muss ich tun, um das ewige Leben zu gewinnen?<\/em><\/span><\/p>\n<p><span style=\"font-size: 14pt; font-family: verdana, geneva, sans-serif;\"><em>26 Jesus sagte zu ihm: Was steht im Gesetz? Was liest du dort?<\/em><\/span><\/p>\n<p><span style=\"font-size: 14pt; font-family: verdana, geneva, sans-serif;\"><em>27 Er antwortete: Du sollst den Herrn, deinen Gott, lieben mit ganzem Herzen und ganzer Seele, mit all deiner Kraft und all deinen Gedanken, und: Deinen N\u00e4chsten sollst du lieben wie dich selbst.<\/em><\/span><\/p>\n<p><span style=\"font-size: 14pt; font-family: verdana, geneva, sans-serif;\"><em>28 Jesus sagte zu ihm: Du hast richtig geantwortet. Handle danach und du wirst leben.<\/em><\/span><\/p>\n<p><span style=\"font-size: 14pt; font-family: verdana, geneva, sans-serif;\"><em>29 Der Gesetzeslehrer wollte seine Frage rechtfertigen und sagte zu Jesus: Und wer ist mein N\u00e4chster?<\/em><\/span><\/p>\n<p><span style=\"font-size: 14pt; font-family: verdana, geneva, sans-serif;\"><em>30 Darauf antwortete ihm Jesus: Ein Mann ging von Jerusalem nach Jericho hinab und wurde von R\u00e4ubern \u00fcberfallen. Sie pl\u00fcnderten ihn aus und schlugen ihn nieder; dann gingen sie weg und lie\u00dfen ihn halb tot liegen.<\/em><\/span><\/p>\n<p><span style=\"font-size: 14pt; font-family: verdana, geneva, sans-serif;\"><em>31 Zuf\u00e4llig kam ein Priester denselben Weg herab; er sah ihn und ging weiter.<\/em><\/span><\/p>\n<p><span style=\"font-size: 14pt; font-family: verdana, geneva, sans-serif;\"><em>32 Auch ein Levit kam zu der Stelle; er sah ihn und ging weiter.<\/em><\/span><\/p>\n<p><span style=\"font-size: 14pt; font-family: verdana, geneva, sans-serif;\"><em>33 Dann kam ein Mann aus Samarien, der auf der Reise war (<\/em>Samariter waren sprirituell ausgerichtete Menschen, die die j\u00fcdischen Vorschriften als Bedingung f\u00fcr die Beziehung zu Gott ablehnten<em>) . Als er ihn sah, hatte er Mitleid,\u00a0 <\/em><\/span><\/p>\n<p><span style=\"font-size: 14pt; font-family: verdana, geneva, sans-serif;\"><em>34 ging zu ihm hin, goss \u00d6l und Wein auf seine Wunden und verband sie. Dann hob er ihn auf sein Reittier, brachte ihn zu einer Herberge und sorgte f\u00fcr ihn.<\/em><\/span><\/p>\n<p><span style=\"font-size: 14pt; font-family: verdana, geneva, sans-serif;\"><em>35 Am andern Morgen holte er zwei Denare hervor, gab sie dem Wirt und sagte: Sorge f\u00fcr ihn, und wenn du mehr f\u00fcr ihn brauchst, werde ich es dir bezahlen, wenn ich wiederkomme.<\/em><\/span><\/p>\n<p style=\"text-align: center;\"><span style=\"font-size: 14pt; font-family: verdana, geneva, sans-serif;\"><em><a href=\"https:\/\/www.weichenstellen.de\/blog\/wp-content\/uploads\/2020\/12\/GottStaat.jpg\"><img loading=\"lazy\" class=\"alignnone size-medium wp-image-9515\" src=\"https:\/\/www.weichenstellen.de\/blog\/wp-content\/uploads\/2020\/12\/GottStaat-300x225.jpg\" alt=\"\" width=\"300\" height=\"225\" srcset=\"https:\/\/www.weltwaldwiesen.de\/weichenstellen\/wp-content\/uploads\/2020\/12\/GottStaat-300x225.jpg 300w, https:\/\/www.weltwaldwiesen.de\/weichenstellen\/wp-content\/uploads\/2020\/12\/GottStaat.jpg 547w\" sizes=\"(max-width: 300px) 100vw, 300px\" \/><\/a><br \/>\n<\/em><strong><span style=\"font-size: 12pt;\">Begleitender Segen kann auch so aussehen<\/span><\/strong><\/span><\/p>\n<p><span style=\"font-size: 14pt; font-family: verdana, geneva, sans-serif;\"><em>36 Was meinst du: Wer von diesen dreien hat sich als der N\u00e4chste dessen erwiesen, der von den R\u00e4ubern \u00fcberfallen wurde?<\/em><\/span><\/p>\n<p><span style=\"font-size: 14pt; font-family: verdana, geneva, sans-serif;\"><em>37 Der Gesetzeslehrer antwortete: Der, der barmherzig an ihm gehandelt hat. Da sagte Jesus zu ihm: Dann geh und handle genauso<\/em>!<\/span><\/p>\n<p><span style=\"font-size: 12pt; font-family: verdana, geneva, sans-serif;\">Lukas10, 25-37<\/span><\/p>\n<hr \/>\n<p><span style=\"font-size: 14pt; font-family: verdana, geneva, sans-serif;\">Das Gleichnis vom \u201aBarmherzigen Samariter\u2018 wird als eine Art von \u201aHandlungsanweisung\u2019 angesehen, wie Barmherzigkeit geschieht. Es ist interessant, dass diese \u201aAnweisung\u2018 einerseits Antwort auf eine sehr tiefsinnige Lebens-Frage ist und andererseits unmissverst\u00e4ndlich auf die eigene Existenz verweist: <em>Wem bist du N\u00e4chster<\/em>?<\/span><\/p>\n<p><span style=\"font-size: 14pt; font-family: verdana, geneva, sans-serif;\">\u201a<em>Geh! Und handle ebenso<\/em>\u2018. Dieser eindeutige Hinweis an den \u201aLehrer des Gesetzes&#8216; (!) hat \u00fcber Jahrtausende bewegt und die Vielf\u00e4ltigkeit von Handlungsfeldern ausgeleuchtet.<\/span><\/p>\n<p><span style=\"font-size: 14pt; font-family: verdana, geneva, sans-serif;\"><strong>Geh! Und handle ebenso!<\/strong><\/span><br \/>\n<span style=\"font-size: 14pt; font-family: verdana, geneva, sans-serif;\">Entdeckt selbst, wo ihr N\u00e4chste mit \u201abarmherzigem Werk\u2018 sein k\u00f6nnt. <\/span><span style=\"font-size: 14pt; font-family: verdana, geneva, sans-serif;\">Bei all den Herausforderungen, vor die wir im Jahr 2021 gestellt sind, brauchen wir Kr\u00e4fte, die ermutigen und heilen. \u00a0Der Theologe Fulbert Steffensky spricht gern von \u201aHoffnungs-Verleihanstalt\u2018. Wenigstens \u201averleihen\u2018 k\u00f6nnten wir, was wir vom \u201aVater\u2018 haben und erkannt haben.<\/span><\/p>\n<p style=\"text-align: center;\"><a href=\"https:\/\/www.weichenstellen.de\/blog\/wp-content\/uploads\/2020\/12\/DSC_0297-klein.jpg\"><img loading=\"lazy\" class=\"alignnone size-medium wp-image-9540\" src=\"https:\/\/www.weichenstellen.de\/blog\/wp-content\/uploads\/2020\/12\/DSC_0297-klein-200x300.jpg\" alt=\"\" width=\"200\" height=\"300\" srcset=\"https:\/\/www.weltwaldwiesen.de\/weichenstellen\/wp-content\/uploads\/2020\/12\/DSC_0297-klein-200x300.jpg 200w, https:\/\/www.weltwaldwiesen.de\/weichenstellen\/wp-content\/uploads\/2020\/12\/DSC_0297-klein.jpg 450w\" sizes=\"(max-width: 200px) 100vw, 200px\" \/><\/a><\/p>\n<p><span style=\"font-size: 14pt; font-family: verdana, geneva, sans-serif;\">Nat\u00fcrlich hoffen wir in diesem Jahr sehr auf einen medizinisch wirksamen Impfstoff. \u00a0Aber wir brauchen auch Heilung f\u00fcr unser Miteinander. <\/span><\/p>\n<p><span style=\"font-size: 14pt; font-family: verdana, geneva, sans-serif;\">Kann Barmherzigkeit vielleicht auch wie <strong>Impfstoff f\u00fcr die Seele<\/strong> sein? Wenn wir uns gegen pathogene Viren impfen lassen, werden die Widerstandskr\u00e4fte gest\u00e4rkt. Ich denke wirklich, dass eine gest\u00e4rkte Sensibilit\u00e4t f\u00fcr Barmherzigkeit\u00a0 seelischen &#8218;Verseuchungen&#8216; entgegenwirken kann.\u00a0 Egoismus, Gleichg\u00fcltigkeit, Schuldzuweisungen, Erniedrigungen, Beleidigungen, Verleumdungen, Hetze, Hass verlieren ihren zerst\u00f6rerischen Einfluss !<br \/>\n<\/span><\/p>\n<hr \/>\n<p style=\"text-align: center;\"><strong><span style=\"font-size: 14pt; font-family: verdana, geneva, sans-serif;\">Heute<\/span><\/strong><\/p>\n<p style=\"text-align: center;\"><span style=\"font-size: 14pt; font-family: verdana, geneva, sans-serif;\">In trauernde Augen<br \/>\n<\/span><span style=\"font-size: 14pt; font-family: verdana, geneva, sans-serif;\">ein L\u00e4cheln pflanzen,<br \/>\n<\/span><span style=\"font-size: 14pt; font-family: verdana, geneva, sans-serif;\">dem Quell guter Worte<br \/>\n<\/span><span style=\"font-size: 14pt; font-family: verdana, geneva, sans-serif;\">Durchlass schaffen,<br \/>\n<\/span><span style=\"font-size: 14pt; font-family: verdana, geneva, sans-serif;\">vor tastenden F\u00fc\u00dfen<br \/>\n<\/span><span style=\"font-size: 14pt; font-family: verdana, geneva, sans-serif;\">Steine entfernen,<br \/>\n<\/span><span style=\"font-size: 14pt; font-family: verdana, geneva, sans-serif;\">Ge\u00e4ngstete<br \/>\n<\/span><span style=\"font-size: 14pt; font-family: verdana, geneva, sans-serif;\">\u00fcber Br\u00fccken geleiten,<\/span><\/p>\n<p style=\"text-align: center;\"><span style=\"font-size: 14pt; font-family: verdana, geneva, sans-serif;\"><a href=\"https:\/\/www.weichenstellen.de\/blog\/wp-content\/uploads\/2014\/05\/HimmelPfuetze-2.jpg\"><img loading=\"lazy\" class=\"alignnone size-medium wp-image-1965\" src=\"https:\/\/www.weichenstellen.de\/blog\/wp-content\/uploads\/2014\/05\/HimmelPfuetze-2-216x300.jpg\" alt=\"\" width=\"216\" height=\"300\" srcset=\"https:\/\/www.weltwaldwiesen.de\/weichenstellen\/wp-content\/uploads\/2014\/05\/HimmelPfuetze-2-216x300.jpg 216w, https:\/\/www.weltwaldwiesen.de\/weichenstellen\/wp-content\/uploads\/2014\/05\/HimmelPfuetze-2.jpg 341w\" sizes=\"(max-width: 216px) 100vw, 216px\" \/><\/a><\/span><\/p>\n<p style=\"text-align: center;\"><span style=\"font-size: 14pt; font-family: verdana, geneva, sans-serif;\">in die Furchen des Tages<br \/>\n<\/span><span style=\"font-size: 14pt; font-family: verdana, geneva, sans-serif;\">Hoffnung s\u00e4en,<br \/>\n<\/span><span style=\"font-size: 14pt; font-family: verdana, geneva, sans-serif;\">mit dem Hungernden<br \/>\n<\/span><span style=\"font-size: 14pt; font-family: verdana, geneva, sans-serif;\">das Feld bestellen,<br \/>\n<\/span><span style=\"font-size: 14pt; font-family: verdana, geneva, sans-serif;\">der Faust die ge\u00f6ffnete Hand hinhalten.<\/span><\/p>\n<p style=\"text-align: center;\">Christa Peikert-Flasp\u00f6hler<br \/>\nGedichte, Lahn-Verlag<\/p>\n<hr \/>\n<p>1) <a href=\"https:\/\/www.weichenstellen.de\/blog\/macken\/\"><strong>Macken<\/strong><\/a><\/p>\n<p><span style=\"font-size: 14pt; font-family: verdana, geneva, sans-serif;\">Euer<\/span><\/p>\n<p><a href=\"https:\/\/www.weichenstellen.de\/blog\/wp-content\/uploads\/2020\/11\/Anrede2.jpg\"><img loading=\"lazy\" class=\"alignnone wp-image-9456\" src=\"https:\/\/www.weichenstellen.de\/blog\/wp-content\/uploads\/2020\/11\/Anrede2.jpg\" alt=\"\" width=\"203\" height=\"99\" \/><\/a><\/p>\n<p><span style=\"font-size: 14pt; font-family: verdana, geneva, sans-serif;\"><strong>Grunds\u00e4tze und Grundlagen Diakonie \/ Caritas<br \/>\n<\/strong>k\u00f6nnt ihr hier nachlesen *<\/span><\/p>\n<p><span style=\"font-size: 14pt; font-family: verdana, geneva, sans-serif;\">Aus den Hinweisen aus Matth\u00e4us 25 wurden die <em>sieben leiblichen<\/em> und <em>die sieben geistlichen<\/em> Werke der Barmherzigkeit entwickelt (in eigener Formulierung):<\/span><\/p>\n<p><span style=\"font-size: 14pt; font-family: verdana, geneva, sans-serif;\"><strong>Die sieben leiblichen Werke der Barmherzigkeit:<\/strong><\/span><\/p>\n<ul>\n<li><span style=\"font-size: 14pt; font-family: verdana, geneva, sans-serif;\">Hungernden Nahrung geben<\/span><\/li>\n<li><span style=\"font-size: 14pt; font-family: verdana, geneva, sans-serif;\">Durstigen zu trinken geben<\/span><\/li>\n<li><span style=\"font-size: 14pt; font-family: verdana, geneva, sans-serif;\">Unbekleideten Kleidung geben<\/span><\/li>\n<li><span style=\"font-size: 14pt; font-family: verdana, geneva, sans-serif;\">Fremden Schutz geben<\/span><\/li>\n<li><span style=\"font-size: 14pt; font-family: verdana, geneva, sans-serif;\">Gefangene begleiten<\/span><\/li>\n<li><span style=\"font-size: 14pt; font-family: verdana, geneva, sans-serif;\">Kranke besuchen<\/span><\/li>\n<li><span style=\"font-size: 14pt; font-family: verdana, geneva, sans-serif;\">Tote bestatten.<\/span><\/li>\n<\/ul>\n<p><span style=\"font-size: 14pt; font-family: verdana, geneva, sans-serif;\"><strong>Die sieben geistlichen Werke der Barmherzigkeit <\/strong>(&#8218;Engel-Kr\u00e4fte&#8216;):<\/span><\/p>\n<ul>\n<li><span style=\"font-size: 14pt; font-family: verdana, geneva, sans-serif;\">Orientierungslosen zeigen, was sie falsch gemacht haben<\/span><\/li>\n<li><span style=\"font-size: 14pt; font-family: verdana, geneva, sans-serif;\">Unwissende \u00fcber Gott und Welt belehren<\/span><\/li>\n<li><span style=\"font-size: 14pt; font-family: verdana, geneva, sans-serif;\">Zweifelnden den Weg weisen<\/span><\/li>\n<li><span style=\"font-size: 14pt; font-family: verdana, geneva, sans-serif;\">Traurige, Deprimierte und Trauernde tr\u00f6sten<\/span><\/li>\n<li><span style=\"font-size: 14pt; font-family: verdana, geneva, sans-serif;\">Anstrengende, L\u00e4stige mit Geduld ertragen<\/span><\/li>\n<li><span style=\"font-size: 14pt; font-family: verdana, geneva, sans-serif;\">Beleidigenden vergeben<\/span><\/li>\n<li><span style=\"font-size: 14pt; font-family: verdana, geneva, sans-serif;\">F\u00fcr Tote und Lebende bei Gott eintreten<\/span><\/li>\n<\/ul>\n<p><span style=\"font-size: 14pt; font-family: verdana, geneva, sans-serif;\"><strong>Neue Werke der Barmherzigkeit<\/strong><em><br \/>\nBischof Joachim Wanke (kath), Erfurt<\/em><\/span><\/p>\n<ul>\n<li><span style=\"font-size: 14pt; font-family: verdana, geneva, sans-serif;\">Einem Menschen sagen: Du geh\u00f6rst dazu \u2026<\/span><\/li>\n<li><span style=\"font-size: 14pt; font-family: verdana, geneva, sans-serif;\">Ich h\u00f6re dir zu \u2026<\/span><\/li>\n<li><span style=\"font-size: 14pt; font-family: verdana, geneva, sans-serif;\">Ich rede gut \u00fcber dich \u2026<\/span><\/li>\n<li><span style=\"font-size: 14pt; font-family: verdana, geneva, sans-serif;\">Ich gehe ein St\u00fcck mit dir \u2026.<\/span><\/li>\n<li><span style=\"font-size: 14pt; font-family: verdana, geneva, sans-serif;\">Ich teile mit dir \u2026.<\/span><\/li>\n<li><span style=\"font-size: 14pt; font-family: verdana, geneva, sans-serif;\">Ich besuche dich \u2026.<\/span><\/li>\n<li><span style=\"font-size: 14pt; font-family: verdana, geneva, sans-serif;\">Ich bete f\u00fcr dich \u2026.<\/span><\/li>\n<\/ul>\n<p><span style=\"font-size: 14pt; font-family: verdana, geneva, sans-serif;\">* Aus \u00a0<a href=\"https:\/\/evangelische-religion.de\/ReligionNeu\/kirche\/diakonie-caritas\/\"><span style=\"font-size: 12pt;\">www.evangelische-religion.de<\/span><\/a><\/span><\/p>\n<p><span style=\"font-size: 14pt; font-family: verdana, geneva, sans-serif;\"><a href=\"https:\/\/www.weichenstellen.de\/blog\/neues-jahr\/\"><span style=\"color: #ff0000;\">WEITERE IMPULSE ZUM JAHRESANFANG<\/span><\/a><\/span><\/p>\n<p><a href=\"https:\/\/www.weichenstellen.de\/blog\/kontakt\/\">KONTAKT<\/a><\/p>\n<hr \/>\n<p>&nbsp;<\/p>\n<p style=\"text-align: center;\"><a href=\"https:\/\/www.weichenstellen.de\/blog\/fiktiver-brief\/\"><strong><span style=\"font-family: verdana, geneva, sans-serif;\"><span style=\"font-size: 14pt;\">ZU FIKTIVE BRIEFE<\/span><\/span><\/strong><\/a><br \/>\n<a href=\"https:\/\/www.weichenstellen.de\/blog\/\"><strong><span style=\"font-family: verdana, geneva, sans-serif;\"><span style=\"font-size: 14pt;\">ZUR STARTSEITE<\/span><\/span><\/strong><\/a><\/p>\n","protected":false},"excerpt":{"rendered":"<p>BARMHERZIGKEIT KANN WIE EINE IMPFUNG SEIN Seid barmherzig, wie es auch euer Vater ist! &nbsp; LEITWORT (JAHRESLOSUNG) F\u00dcR 2021 Lukas-Evangelium\u00a0 6, 36 \u201aErbarme dich unser\u2018 \u2013 ist h\u00e4ufig genannter Ruf bei Begegnungen mit Jesus, die auch in der gottesdienstlichen Liturgie ihren Platz hat. Es ist die Selbsterkenntnis eigener Bed\u00fcrftigkeit, die solchem Ruf oder auch Schrei\u2026 <span class=\"read-more\"><a href=\"https:\/\/www.weltwaldwiesen.de\/weichenstellen\/9492-2\/\">Weiterlesen &raquo;<\/a><\/span><\/p>\n","protected":false},"author":1,"featured_media":0,"comment_status":"closed","ping_status":"open","sticky":false,"template":"","format":"standard","meta":{"spay_email":"","jetpack_publicize_message":"","jetpack_is_tweetstorm":false,"jetpack_publicize_feature_enabled":true},"categories":[5],"tags":[],"jetpack_featured_media_url":"","jetpack_publicize_connections":[],"jetpack_shortlink":"https:\/\/wp.me\/p3UvYh-2t6","jetpack_sharing_enabled":true,"_links":{"self":[{"href":"https:\/\/www.weltwaldwiesen.de\/weichenstellen\/wp-json\/wp\/v2\/posts\/9492"}],"collection":[{"href":"https:\/\/www.weltwaldwiesen.de\/weichenstellen\/wp-json\/wp\/v2\/posts"}],"about":[{"href":"https:\/\/www.weltwaldwiesen.de\/weichenstellen\/wp-json\/wp\/v2\/types\/post"}],"author":[{"embeddable":true,"href":"https:\/\/www.weltwaldwiesen.de\/weichenstellen\/wp-json\/wp\/v2\/users\/1"}],"replies":[{"embeddable":true,"href":"https:\/\/www.weltwaldwiesen.de\/weichenstellen\/wp-json\/wp\/v2\/comments?post=9492"}],"version-history":[{"count":20,"href":"https:\/\/www.weltwaldwiesen.de\/weichenstellen\/wp-json\/wp\/v2\/posts\/9492\/revisions"}],"predecessor-version":[{"id":9668,"href":"https:\/\/www.weltwaldwiesen.de\/weichenstellen\/wp-json\/wp\/v2\/posts\/9492\/revisions\/9668"}],"wp:attachment":[{"href":"https:\/\/www.weltwaldwiesen.de\/weichenstellen\/wp-json\/wp\/v2\/media?parent=9492"}],"wp:term":[{"taxonomy":"category","embeddable":true,"href":"https:\/\/www.weltwaldwiesen.de\/weichenstellen\/wp-json\/wp\/v2\/categories?post=9492"},{"taxonomy":"post_tag","embeddable":true,"href":"https:\/\/www.weltwaldwiesen.de\/weichenstellen\/wp-json\/wp\/v2\/tags?post=9492"}],"curies":[{"name":"wp","href":"https:\/\/api.w.org\/{rel}","templated":true}]}}