{"id":9468,"date":"2020-11-27T18:18:21","date_gmt":"2020-11-27T17:18:21","guid":{"rendered":"https:\/\/www.weichenstellen.de\/blog\/?p=9468"},"modified":"2020-11-27T21:24:16","modified_gmt":"2020-11-27T20:24:16","slug":"das-kind-stirbt-nie","status":"publish","type":"post","link":"https:\/\/www.weltwaldwiesen.de\/weichenstellen\/das-kind-stirbt-nie\/","title":{"rendered":"Das Kind stirbt nie"},"content":{"rendered":"<p style=\"text-align: center;\"><span style=\"font-size: 18pt; font-family: verdana, geneva, sans-serif;\">IN SCHWIERIGER ZEIT<\/span><strong><span style=\"font-size: 18pt; font-family: verdana, geneva, sans-serif;\"><br \/>\n<\/span><\/strong><span style=\"color: #ff0000; font-size: 24pt;\"><strong><span style=\"font-family: verdana, geneva, sans-serif;\">WAS UNS NICHT VERLOREN GEHT<\/span><\/strong><\/span><\/p>\n<p><span style=\"font-size: 14pt; font-family: verdana, geneva, sans-serif;\">Unwillig erz\u00e4hlt eine Mutter ihrem kleinen Jungen von Weihnachten. Sie will nichts mehr von diesem Fest wissen und hat es ihm bisher vorenthalten. Aber das Kind ist neugierig geworden. Also erz\u00e4hlt sie von den glitzernden Sternen am Tannenbaum und kramt zusammen, was sie von der Geschichte noch im Kopf hat. <\/span><\/p>\n<p><span style=\"font-size: 14pt; font-family: verdana, geneva, sans-serif;\">Von dem kleinen Jesus und der Krippe, von den Hirten und dem Kaiser Augustus. \u201eDas muss doch ein sch\u00f6nes Fest gewesen sein\u201c, sagt der Junge. \u201eNein, sagt die Mutter. Alle hatten Angst davor und waren froh, wenn es vor\u00fcber war.\u201c Angst wovor? Dass gro\u00dfe Erwartungen auch diesmal wieder entt\u00e4uscht w\u00fcrden? Dass ein neugeborenes Kind im Mittelpunkt des Festes stand, von dem man doch schon wissen konnte, dass es Schutz und viel Zuwendung braucht? <\/span><\/p>\n<p><span style=\"font-size: 14pt; font-family: verdana, geneva, sans-serif;\">Alle Jahre wieder dieses Kind, das kindische Gef\u00fchle in erwachsenen Menschen weckt, Gef\u00fchle, f\u00fcr die sie aber vor und nach dem Fest keine Verwendung haben? F\u00fcr die, sie glauben sich sch\u00e4men zu m\u00fcssen, wenn sie wieder im harten Alltag angekommen sind, in dem man sich durchsetzen und behaupten muss? Dieses Kind, ohne dessen Geschichte es das Fest nicht g\u00e4be. <\/span><span style=\"font-size: 14pt; font-family: verdana, geneva, sans-serif;\">Kein Heldenfest, kein Gedenken an einen Sieg oder <\/span><span style=\"font-size: 14pt; font-family: verdana, geneva, sans-serif;\">ein gro\u00dfes Ereignis. Das Kind ist ein Symbol, das Symbol des Anfangs und des Anfangens. <\/span><\/p>\n<p><span style=\"font-size: 14pt; font-family: verdana, geneva, sans-serif;\">Alle haben <\/span><span style=\"font-size: 14pt; font-family: verdana, geneva, sans-serif;\">so angefangen: als sehr kleines Kind. Und alle sind, wenn sie denn gro\u00df werden konnten, aus ihm heraus gewachsen und k\u00f6nnen doch etwas von\u00a0 <\/span><span style=\"font-size: 14pt; font-family: verdana, geneva, sans-serif;\">diesem Kind in sich bewahren. Es erinnert daran,\u00a0 <\/span><span style=\"font-size: 14pt; font-family: verdana, geneva, sans-serif;\">wie bed\u00fcrftig, wie angewiesen Menschen am Anfang sind &#8211; und dass sie es bleiben ihr Leben lang.\u00a0 <\/span><span style=\"font-size: 14pt; font-family: verdana, geneva, sans-serif;\">Angelegt auf Beziehung, Austausch, N\u00e4he. Nie sich selbst genug. Aber immer wieder beschenkt mit der M\u00f6glichkeit, neu zu beginnen.<\/span><\/p>\n<p><span style=\"font-size: 14pt; font-family: verdana, geneva, sans-serif;\">Marie Luise Kaschnitz, die Erz\u00e4hlerin der Geschichte von der Mutter und dem Jungen, hat auch das\u00a0 <\/span><span style=\"font-size: 14pt; font-family: verdana, geneva, sans-serif;\">Gedicht \u201eDezembernacht\u201c geschrieben. Eine kuriose Gesellschaft von Frauen und M\u00e4nnern bleibt an\u00a0 <\/span><span style=\"font-size: 14pt; font-family: verdana, geneva, sans-serif;\">einem Ger\u00e4teschuppen in einem Feld stehen, in\u00a0 <\/span><span style=\"font-size: 14pt; font-family: verdana, geneva, sans-serif;\">dem ein Neugeborenes schreit, man schaut zu den Sternen auf und fragt sich: \u201eGl\u00e4nzt nicht einer besonders?\u201c<\/span><\/p>\n<p><a href=\"https:\/\/www.weichenstellen.de\/blog\/wp-content\/uploads\/2020\/11\/klein.jpg\"><img loading=\"lazy\" class=\"aligncenter wp-image-9471 size-medium\" src=\"https:\/\/www.weichenstellen.de\/blog\/wp-content\/uploads\/2020\/11\/klein-300x225.jpg\" alt=\"\" width=\"300\" height=\"225\" srcset=\"https:\/\/www.weltwaldwiesen.de\/weichenstellen\/wp-content\/uploads\/2020\/11\/klein-300x225.jpg 300w, https:\/\/www.weltwaldwiesen.de\/weichenstellen\/wp-content\/uploads\/2020\/11\/klein.jpg 450w\" sizes=\"(max-width: 300px) 100vw, 300px\" \/><\/a><\/p>\n<p><span style=\"font-size: 14pt; font-family: verdana, geneva, sans-serif;\">Am Ende stellt die Dichterin die bange Frage: \u201eIst das Kind gestorben?\u201c und gibt die Antwort: \u201eDas <\/span><span style=\"font-size: 14pt; font-family: verdana, geneva, sans-serif;\">Kind stirbt nie.\u201c<\/span><\/p>\n<p><span style=\"font-family: verdana, geneva, sans-serif;\">Klaus Eulenberger (<strong>\u2020<\/strong>),\u00a0 <\/span><span style=\"font-family: verdana, geneva, sans-serif;\">Morgenandacht am 9. Dezember 2017<\/span><\/p>\n<p>&nbsp;<\/p>\n<p><em><span style=\"font-size: 14pt; font-family: verdana, geneva, sans-serif;\">Als ich diese Morgenandacht h\u00f6rte, konnten wir nicht einmal ahnen, was uns heute, drei Jahre sp\u00e4ter mit der &#8218;Corona-Pandemie&#8216; umtreibt.<\/span><\/em><\/p>\n<p><em><span style=\"font-size: 14pt; font-family: verdana, geneva, sans-serif;\">Seit M\u00e4rz f\u00fchlen wir uns wie in einer anderen Welt. Der Gedanke, dass \u201amorgen\u2018 alles Gewohnte wieder hergestellt sein wird, war nie realistisch; jetzt aber bei steigenden Zahlen von Infizierten f\u00fchlen wir uns wie ausgeliefert.<\/span><\/em><\/p>\n<p><em><span style=\"font-size: 14pt; font-family: verdana, geneva, sans-serif;\">So gehen wir in diese Zeit des Advent, die Zeit, die einmal als Fastenzeit zur inneren Vorbereitung auf das Weihnachtsfest galt. Heute f\u00fcr manche mit gemischten Gef\u00fchlen oder wie in der Erz\u00e4hlung: \u201aAlle hatten Angst davor und waren froh, wenn es vor\u00fcber war\u2018.<\/span><\/em><\/p>\n<p><em><span style=\"font-size: 14pt; font-family: verdana, geneva, sans-serif;\">Jetzt k\u00f6nnten wir auf die Leuchtkraft der Hoffnung schauen, die sich auch aus manchen \u00fcberraschenden Erfahrungen der vergangenen Monate n\u00e4hrt.\u00a0 Neun Monate w\u00e4chst ein Kind im Mutterleib heran und die vergangenen neun Monate haben auch manches \u201aKind-Vertrauen\u2018 heranwachsen lassen.<\/span><\/em><\/p>\n<p style=\"text-align: center;\">\u00a0<span style=\"font-size: 14pt; font-family: verdana, geneva, sans-serif;\">Zum Heranwachsen des \u201aKind-Vertrauens<br \/>\n<\/span><br \/>\n<span style=\"font-size: 14pt; font-family: verdana, geneva, sans-serif;\">\u2018<strong>MITTEN IN MIR<br \/>\n<\/strong>Ich schlie\u00dfe die Augen und atme Ruhe,<strong><br \/>\n<\/strong>ich schlie\u00dfe den Mund und atme Schweigen,<strong><br \/>\n<\/strong>ich schlie\u00dfe die Ohren und atme Stille.<\/span><\/p>\n<p style=\"text-align: center;\"><span style=\"font-size: 14pt; font-family: verdana, geneva, sans-serif;\">Ich horche nach innen zur Mitte. <\/span><br \/>\n<span style=\"font-size: 14pt; font-family: verdana, geneva, sans-serif;\">Ich hole mich ein.<\/span><\/p>\n<p style=\"text-align: center;\"><span style=\"font-size: 14pt; font-family: verdana, geneva, sans-serif;\">Mitten in mir liegt, was ich suche: <\/span><br \/>\n<span style=\"font-size: 14pt; font-family: verdana, geneva, sans-serif;\">Freude an dem, was ich bin, <\/span><br \/>\n<span style=\"font-size: 14pt; font-family: verdana, geneva, sans-serif;\">Mut zu dem, was ich k\u00f6nnte, <\/span><br \/>\n<span style=\"font-size: 14pt; font-family: verdana, geneva, sans-serif;\">Gedanken an alles, was war, <\/span><br \/>\n<span style=\"font-size: 14pt; font-family: verdana, geneva, sans-serif;\">ein L\u00e4cheln f\u00fcr heute, <\/span><br \/>\n<span style=\"font-size: 14pt; font-family: verdana, geneva, sans-serif;\">Hoffnung f\u00fcr morgen. <\/span><br \/>\n<span style=\"font-size: 14pt; font-family: verdana, geneva, sans-serif;\">Mitten in mir l\u00e4sst er sich finden: <\/span><br \/>\n<span style=\"font-size: 14pt; font-family: verdana, geneva, sans-serif;\">Sinn f\u00fcr mein Leben.<\/span><\/p>\n<p style=\"text-align: center;\"><span style=\"font-size: 12pt; font-family: verdana, geneva, sans-serif;\">Inge M\u00fcller<br \/>\n(Herkunft ist mir unbekannt)<br \/>\n<\/span><\/p>\n<p><em><span style=\"font-size: 14pt; font-family: verdana, geneva, sans-serif;\">Wenn wir jetzt Woche um Woche eine weitere Kerze entz\u00fcnden, dann m\u00f6chte der Raum des Ankommens hell werden und die Gewissheit aufleuchten: \u201aDas Kind stirbt \u00a0nie!\u2018.\u00a0 <\/span><\/em><em><span style=\"font-size: 14pt; font-family: verdana, geneva, sans-serif;\">Uns allen einen vertrauensvollen Weg!<br \/>\n<a href=\"https:\/\/www.weichenstellen.de\/blog\/wp-content\/uploads\/2020\/11\/Anrede2.jpg\"><img loading=\"lazy\" class=\"alignnone size-full wp-image-9456\" src=\"https:\/\/www.weichenstellen.de\/blog\/wp-content\/uploads\/2020\/11\/Anrede2.jpg\" alt=\"\" width=\"264\" height=\"128\" \/><\/a><br \/>\n<\/span><\/em><\/p>\n<p><span style=\"font-size: 14pt; font-family: verdana, geneva, sans-serif;\">Im Advent 2020<\/span><\/p>\n","protected":false},"excerpt":{"rendered":"<p>IN SCHWIERIGER ZEIT WAS UNS NICHT VERLOREN GEHT Unwillig erz\u00e4hlt eine Mutter ihrem kleinen Jungen von Weihnachten. Sie will nichts mehr von diesem Fest wissen und hat es ihm bisher vorenthalten. Aber das Kind ist neugierig geworden. Also erz\u00e4hlt sie von den glitzernden Sternen am Tannenbaum und kramt zusammen, was sie von der Geschichte noch\u2026 <span class=\"read-more\"><a href=\"https:\/\/www.weltwaldwiesen.de\/weichenstellen\/das-kind-stirbt-nie\/\">Weiterlesen &raquo;<\/a><\/span><\/p>\n","protected":false},"author":1,"featured_media":0,"comment_status":"closed","ping_status":"open","sticky":false,"template":"","format":"standard","meta":{"spay_email":"","jetpack_publicize_message":"","jetpack_is_tweetstorm":false,"jetpack_publicize_feature_enabled":true},"categories":[5],"tags":[],"jetpack_featured_media_url":"","jetpack_publicize_connections":[],"jetpack_shortlink":"https:\/\/wp.me\/p3UvYh-2sI","jetpack_sharing_enabled":true,"_links":{"self":[{"href":"https:\/\/www.weltwaldwiesen.de\/weichenstellen\/wp-json\/wp\/v2\/posts\/9468"}],"collection":[{"href":"https:\/\/www.weltwaldwiesen.de\/weichenstellen\/wp-json\/wp\/v2\/posts"}],"about":[{"href":"https:\/\/www.weltwaldwiesen.de\/weichenstellen\/wp-json\/wp\/v2\/types\/post"}],"author":[{"embeddable":true,"href":"https:\/\/www.weltwaldwiesen.de\/weichenstellen\/wp-json\/wp\/v2\/users\/1"}],"replies":[{"embeddable":true,"href":"https:\/\/www.weltwaldwiesen.de\/weichenstellen\/wp-json\/wp\/v2\/comments?post=9468"}],"version-history":[{"count":4,"href":"https:\/\/www.weltwaldwiesen.de\/weichenstellen\/wp-json\/wp\/v2\/posts\/9468\/revisions"}],"predecessor-version":[{"id":9473,"href":"https:\/\/www.weltwaldwiesen.de\/weichenstellen\/wp-json\/wp\/v2\/posts\/9468\/revisions\/9473"}],"wp:attachment":[{"href":"https:\/\/www.weltwaldwiesen.de\/weichenstellen\/wp-json\/wp\/v2\/media?parent=9468"}],"wp:term":[{"taxonomy":"category","embeddable":true,"href":"https:\/\/www.weltwaldwiesen.de\/weichenstellen\/wp-json\/wp\/v2\/categories?post=9468"},{"taxonomy":"post_tag","embeddable":true,"href":"https:\/\/www.weltwaldwiesen.de\/weichenstellen\/wp-json\/wp\/v2\/tags?post=9468"}],"curies":[{"name":"wp","href":"https:\/\/api.w.org\/{rel}","templated":true}]}}