{"id":10903,"date":"2023-08-02T16:52:30","date_gmt":"2023-08-02T14:52:30","guid":{"rendered":"https:\/\/www.weichenstellen.de\/blog\/?p=10903"},"modified":"2023-08-02T16:54:31","modified_gmt":"2023-08-02T14:54:31","slug":"selbstbestimmung-sterben-und-tod","status":"publish","type":"post","link":"https:\/\/www.weltwaldwiesen.de\/weichenstellen\/selbstbestimmung-sterben-und-tod\/","title":{"rendered":"SELBSTBESTIMMUNG STERBEN UND TOD"},"content":{"rendered":"<p>Das Wirken Gottes in uns geschieht unabh\u00e4ngig von unserem Bewusstsein. Wo es dieses Bewusstsein gibt, ist mehrfach best\u00e4tigt, wie tief und befriedigend diese Gewissheit begleitet.<\/p>\n<p>Dieses Wirken Gottes gilt besonders im Prozess des Sterbens. Von au\u00dfen betrachtet, ist das ,Bewusstsein&#8216; in diesem Prozess m\u00f6glicherweise eingeschr\u00e4nkt, vielleicht sogar erloschen.<\/p>\n<p>Das Wirken Gottes aber bleibt. Ich halte daran fest, dass diese Pr\u00e4senz bleibt und wirkt. Heute, im Besitz von Bewusstsein, bleibe ich davon \u00fcberzeugt: Gott \u201avollendet&#8216; mein Leben und alle halben Sachen&#8216; werden ein Ganzes. So gesehen bleibe ich neugierig.<\/p>\n<p>Den Zur\u00fcckbleibenden bleibt dieser ,tiefste Vorgang&#8216; verschlossen. Ich wei\u00df aber aus dem Erleben begleiteten Sterbens, dass es daf\u00fcr durchaus sichtbare Zeichen geben kann.<\/p>\n<p>Der selbstbewusst herbeigef\u00fchrte Tod schlie\u00dft dieses Wirken nicht aus; auch f\u00fcr den pl\u00f6tzlichen (Unfall)Tod in kaum messbarer Zeit gilt das. Der \u201eProzess&#8216; ist wahrscheinlich anders existent.<\/p>\n<p>Selbstbestimmt gew\u00fcnschte Hilfe zum Sterben schlie\u00dfe ich als M\u00f6glichkeit nicht aus. Allerdings sollten die genannten Aspekte der ,Pr\u00e4senz Gottes&#8216; unabdingbarer Bestandteil in Gespr\u00e4ch und Begleitung sein.<\/p>\n<p>Jan-Peter Wilckens<\/p>\n<p>22. November 2020<\/p>\n","protected":false},"excerpt":{"rendered":"<p>Das Wirken Gottes in uns geschieht unabh\u00e4ngig von unserem Bewusstsein. Wo es dieses Bewusstsein gibt, ist mehrfach best\u00e4tigt, wie tief und befriedigend diese Gewissheit begleitet. Dieses Wirken Gottes gilt besonders im Prozess des Sterbens. Von au\u00dfen betrachtet, ist das ,Bewusstsein&#8216; in diesem Prozess m\u00f6glicherweise eingeschr\u00e4nkt, vielleicht sogar erloschen. Das Wirken Gottes aber bleibt. Ich halte\u2026 <span class=\"read-more\"><a href=\"https:\/\/www.weltwaldwiesen.de\/weichenstellen\/selbstbestimmung-sterben-und-tod\/\">Weiterlesen &raquo;<\/a><\/span><\/p>\n","protected":false},"author":2,"featured_media":0,"comment_status":"closed","ping_status":"open","sticky":false,"template":"","format":"standard","meta":{"spay_email":"","jetpack_publicize_message":"","jetpack_is_tweetstorm":false,"jetpack_publicize_feature_enabled":true},"categories":[6],"tags":[],"jetpack_featured_media_url":"","jetpack_publicize_connections":[],"jetpack_shortlink":"https:\/\/wp.me\/p3UvYh-2PR","jetpack_sharing_enabled":true,"_links":{"self":[{"href":"https:\/\/www.weltwaldwiesen.de\/weichenstellen\/wp-json\/wp\/v2\/posts\/10903"}],"collection":[{"href":"https:\/\/www.weltwaldwiesen.de\/weichenstellen\/wp-json\/wp\/v2\/posts"}],"about":[{"href":"https:\/\/www.weltwaldwiesen.de\/weichenstellen\/wp-json\/wp\/v2\/types\/post"}],"author":[{"embeddable":true,"href":"https:\/\/www.weltwaldwiesen.de\/weichenstellen\/wp-json\/wp\/v2\/users\/2"}],"replies":[{"embeddable":true,"href":"https:\/\/www.weltwaldwiesen.de\/weichenstellen\/wp-json\/wp\/v2\/comments?post=10903"}],"version-history":[{"count":1,"href":"https:\/\/www.weltwaldwiesen.de\/weichenstellen\/wp-json\/wp\/v2\/posts\/10903\/revisions"}],"predecessor-version":[{"id":10904,"href":"https:\/\/www.weltwaldwiesen.de\/weichenstellen\/wp-json\/wp\/v2\/posts\/10903\/revisions\/10904"}],"wp:attachment":[{"href":"https:\/\/www.weltwaldwiesen.de\/weichenstellen\/wp-json\/wp\/v2\/media?parent=10903"}],"wp:term":[{"taxonomy":"category","embeddable":true,"href":"https:\/\/www.weltwaldwiesen.de\/weichenstellen\/wp-json\/wp\/v2\/categories?post=10903"},{"taxonomy":"post_tag","embeddable":true,"href":"https:\/\/www.weltwaldwiesen.de\/weichenstellen\/wp-json\/wp\/v2\/tags?post=10903"}],"curies":[{"name":"wp","href":"https:\/\/api.w.org\/{rel}","templated":true}]}}