{"id":10466,"date":"2022-05-11T21:21:49","date_gmt":"2022-05-11T19:21:49","guid":{"rendered":"https:\/\/www.weichenstellen.de\/blog\/?p=10466"},"modified":"2022-10-12T09:12:13","modified_gmt":"2022-10-12T07:12:13","slug":"krieg-in-europa","status":"publish","type":"post","link":"https:\/\/www.weltwaldwiesen.de\/weichenstellen\/krieg-in-europa\/","title":{"rendered":"Krieg in Europa"},"content":{"rendered":"<p style=\"text-align: center;\"><span style=\"font-family: verdana, geneva, sans-serif; font-size: 24pt; color: #ff0000;\"><strong>EUROPA IM KRIEG<\/strong><\/span><\/p>\n<p style=\"text-align: center;\"><a href=\"https:\/\/www.weichenstellen.de\/blog\/dankbarkeit-verpflichtet\/\"><strong><span style=\"font-family: verdana, geneva, sans-serif; font-size: 14pt;\">OFFENER BRIEF AN WLADIMIR PUTIN<\/span><\/strong><\/a><\/p>\n<p style=\"text-align: center;\"><span style=\"font-family: verdana, geneva, sans-serif; font-size: 14pt;\"><a href=\"https:\/\/www.weichenstellen.de\/blog\/droge-waffen\/\"><strong>DROGE WAFFEN<\/strong><\/a> \u00a0\u00a0\u00a0 (NEU!)<\/span><\/p>\n<p style=\"text-align: center;\"><span style=\"font-family: verdana, geneva, sans-serif; font-size: 14pt;\"><a href=\"https:\/\/www.weichenstellen.de\/blog\/wp-content\/uploads\/2022\/02\/Ukraine-Solidaritaet-klein.jpg\"><img loading=\"lazy\" class=\"alignnone size-medium wp-image-10342\" src=\"https:\/\/www.weichenstellen.de\/blog\/wp-content\/uploads\/2022\/02\/Ukraine-Solidaritaet-klein-300x118.jpg\" alt=\"\" width=\"300\" height=\"118\" srcset=\"https:\/\/www.weltwaldwiesen.de\/weichenstellen\/wp-content\/uploads\/2022\/02\/Ukraine-Solidaritaet-klein-300x118.jpg 300w, https:\/\/www.weltwaldwiesen.de\/weichenstellen\/wp-content\/uploads\/2022\/02\/Ukraine-Solidaritaet-klein.jpg 450w\" sizes=\"(max-width: 300px) 100vw, 300px\" \/><\/a><\/span><br \/>\n<span style=\"font-family: verdana, geneva, sans-serif; font-size: 12pt;\">Foto: Christophe Gateau\/dpa<\/span><\/p>\n<p style=\"text-align: center;\"><span style=\"font-family: verdana, geneva, sans-serif; font-size: 14pt;\"><strong>DEMOKRATISCHES SELBSTVERST\u00c4NDNIS!<br \/>\n<\/strong><strong>SOLIDARIT\u00c4T IN STILLE , WIDERSPRUCH und GEBET<br \/>\n<\/strong>Beten ist keine &#8218;Ausrede&#8216; sondern &#8218;Hineinrede&#8216;!<\/span><\/p>\n<hr \/>\n<p><span style=\"font-family: verdana, geneva, sans-serif;\">(Aktualisiert am 10. Oktober 2022)<\/span><\/p>\n<p><span style=\"font-family: verdana, geneva, sans-serif;\">Alle Aufmerksamkeit ist geboten in einer Zeit, wo\u00a0 bewaffnete Drohnen eingesetzt werden; wo Deutschland Verteidigungswaffen an die bedr\u00e4ngten Menschen in der Ukraine bereitstellt und die Milliarden hohe Aufr\u00fcstung der Bundeswehr scheint vielen selbstverst\u00e4ndlich. Da wird der politischen F\u00fchrung sogar vorgeworfen, sie h\u00e4tten den Bestand einer &#8218;Verteidigungsarmee&#8216; bewusst vernachl\u00e4ssigt.<\/span><\/p>\n<p><span style=\"font-family: verdana, geneva, sans-serif;\">Nein! Es war Ergebnis der Haltung <em>&#8218;Frieden schaffen ohne Waffen&#8216;. <\/em>Eine Haltung, die zwar gef\u00e4hrdet sein kann, deshalb aber keineswegs als &#8218;falsch und dumm&#8216; bezeichnet werden darf. Sie bleibt realistisch, denn <strong>l\u00e4ngst wissen wir, dass Waffengang nicht einmal Politik mit anderen (letzten) Mitteln ist und sein darf.<br \/>\n<\/strong><\/span><\/p>\n<p><span style=\"font-family: verdana, geneva, sans-serif;\">Es gibt Darstellungen, wie sich unbewaffnete Menschen milit\u00e4rischer Gewalt\u00a0 entgegenstellen. Es gibt\u00a0 Initiativen, die solches gro\u00dfartiges Verhalten unterst\u00fctzen und sich in beeindruckenden Demonstrationen solidarisieren! Der Prior von Taiz\u00e9, fr\u00e9re Alois schreibt so:<\/span><br \/>\n<span style=\"font-family: verdana, geneva, sans-serif;\"><em>W\u00e4hrend der diesj\u00e4hrigen Fastenzeit, die unter sehr d\u00fcsteren Vorzeichen beginnt, sind wir aufgerufen, vierzig Tage in Verbundenheit mit all denen zu leben, die nicht nur in Europa, sondern \u00fcberall auf der Welt unter Gewalt leiden. Christus hat am Kreuz seine Arme ausgebreitet, um die gesamte Menschheit zu umarmen. Eine Menschheit, die allzu oft auseinandergerissen wird und im Herzen Gottes doch f\u00fcr immer vereint ist.<\/em><\/span><\/p>\n<hr \/>\n<p style=\"text-align: center;\"><span style=\"font-family: verdana, geneva, sans-serif; font-size: 14pt;\">MUTIGE WAHRHEIT HAT EINEN NAMEN!<\/span><br \/>\n<span style=\"font-family: verdana, geneva, sans-serif; font-size: 18pt; color: #ff0000;\"><strong>Marina Owssjannikowa<\/strong><\/span><br \/>\n<span style=\"font-family: verdana, geneva, sans-serif; font-size: 14pt;\">Stimme der Ermutigung<\/span><br \/>\n<span style=\"font-family: verdana, geneva, sans-serif; font-size: 14pt;\">14.M\u00e4rz 2022<\/span><\/p>\n<hr \/>\n<p>Das bei <em>YouTube <\/em>ver\u00f6ffentlichte Video zum Lied von Reinhard Mey &#8218;Nein, meine S\u00f6hne geb ich nicht&#8216; (Reinhard Mey und Freunde) st\u00fctzt diese Sicht und Soilidarit\u00e4t in beeindruckender Weise &#8230;..<\/p>\n<p><span class=\"embed-youtube\" style=\"text-align:center; display: block;\"><iframe loading=\"lazy\" class=\"youtube-player\" width=\"665\" height=\"375\" src=\"https:\/\/www.youtube.com\/embed\/1q-Ga3myTP4?version=3&#038;rel=1&#038;showsearch=0&#038;showinfo=1&#038;iv_load_policy=1&#038;fs=1&#038;hl=de-DE&#038;autohide=2&#038;wmode=transparent\" allowfullscreen=\"true\" style=\"border:0;\" sandbox=\"allow-scripts allow-same-origin allow-popups allow-presentation\"><\/iframe><\/span><\/p>\n<hr \/>\n<p style=\"text-align: center;\"><span style=\"color: #ff0000;\"><a style=\"color: #ff0000;\" href=\"https:\/\/www.weichenstellen.de\/blog\/offener-brief\/\"><span style=\"font-family: verdana, geneva, sans-serif; font-size: 18pt;\">OFFENER BRIEF AN GEFL\u00dcCHTETE UND VERTRIEBENE<\/span><\/a><\/span><\/p>\n<pre id=\"tw-target-text\" class=\"tw-data-text tw-text-large tw-ta\" dir=\"ltr\" data-placeholder=\"\u00dcbersetzung\"><span style=\"font-family: verdana, geneva, sans-serif; font-size: 18pt;\"><strong><span class=\"Y2IQFc\" lang=\"uk\">           \u0412\u0406\u0414\u041a\u0420\u0418\u0422\u0418\u0419 \u041b\u0418\u0421\u0422 \u0414\u041e \u0411\u0406\u0416\u0415\u041d\u0426\u0406\u0412 \r\n               \u0422\u0410 <\/span><span class=\"Y2IQFc\" lang=\"uk\">\u041f\u0415\u0420\u0415\u041c\u0406\u0429\u0415\u041d\u041d\u0418\u0425 \u041b\u042e\u0414\u0415\u0419<\/span><\/strong><\/span><\/pre>\n<p><a href=\"https:\/\/www.weichenstellen.de\/blog\/wp-content\/uploads\/2022\/02\/DSC_0001-klein.jpg\"><img loading=\"lazy\" class=\"size-medium wp-image-10330 aligncenter\" src=\"https:\/\/www.weichenstellen.de\/blog\/wp-content\/uploads\/2022\/02\/DSC_0001-klein-300x199.jpg\" alt=\"\" width=\"300\" height=\"199\" srcset=\"https:\/\/www.weltwaldwiesen.de\/weichenstellen\/wp-content\/uploads\/2022\/02\/DSC_0001-klein-300x199.jpg 300w, https:\/\/www.weltwaldwiesen.de\/weichenstellen\/wp-content\/uploads\/2022\/02\/DSC_0001-klein.jpg 450w\" sizes=\"(max-width: 300px) 100vw, 300px\" \/><\/a><\/p>\n<hr \/>\n<p style=\"text-align: center;\"><span style=\"font-size: 18pt; color: #ff0000;\"><strong>JESU STIMME AUS DEM GRENZLAND<\/strong><\/span><\/p>\n<p style=\"text-align: center;\"><a href=\"https:\/\/www.ekd.de\/appell-belarus-aus-dem-grenzland-erreicht-uns-jesu-stimme-69890.htm\"><em>https:\/\/www.ekd.de\/appell-belarus-aus-dem-grenzland-erreicht-uns-jesu-stimme-69890.htm<\/em><\/a><\/p>\n<hr \/>\n<p>&nbsp;<\/p>\n","protected":false},"excerpt":{"rendered":"<p>EUROPA IM KRIEG OFFENER BRIEF AN WLADIMIR PUTIN DROGE WAFFEN \u00a0\u00a0\u00a0 (NEU!) Foto: Christophe Gateau\/dpa DEMOKRATISCHES SELBSTVERST\u00c4NDNIS! SOLIDARIT\u00c4T IN STILLE , WIDERSPRUCH und GEBET Beten ist keine &#8218;Ausrede&#8216; sondern &#8218;Hineinrede&#8216;! (Aktualisiert am 10. Oktober 2022) Alle Aufmerksamkeit ist geboten in einer Zeit, wo\u00a0 bewaffnete Drohnen eingesetzt werden; wo Deutschland Verteidigungswaffen an die bedr\u00e4ngten Menschen in\u2026 <span class=\"read-more\"><a href=\"https:\/\/www.weltwaldwiesen.de\/weichenstellen\/krieg-in-europa\/\">Weiterlesen &raquo;<\/a><\/span><\/p>\n","protected":false},"author":1,"featured_media":0,"comment_status":"closed","ping_status":"open","sticky":false,"template":"","format":"standard","meta":{"spay_email":"","jetpack_publicize_message":"","jetpack_is_tweetstorm":false,"jetpack_publicize_feature_enabled":true},"categories":[5],"tags":[],"jetpack_featured_media_url":"","jetpack_publicize_connections":[],"jetpack_shortlink":"https:\/\/wp.me\/p3UvYh-2IO","jetpack_sharing_enabled":true,"_links":{"self":[{"href":"https:\/\/www.weltwaldwiesen.de\/weichenstellen\/wp-json\/wp\/v2\/posts\/10466"}],"collection":[{"href":"https:\/\/www.weltwaldwiesen.de\/weichenstellen\/wp-json\/wp\/v2\/posts"}],"about":[{"href":"https:\/\/www.weltwaldwiesen.de\/weichenstellen\/wp-json\/wp\/v2\/types\/post"}],"author":[{"embeddable":true,"href":"https:\/\/www.weltwaldwiesen.de\/weichenstellen\/wp-json\/wp\/v2\/users\/1"}],"replies":[{"embeddable":true,"href":"https:\/\/www.weltwaldwiesen.de\/weichenstellen\/wp-json\/wp\/v2\/comments?post=10466"}],"version-history":[{"count":4,"href":"https:\/\/www.weltwaldwiesen.de\/weichenstellen\/wp-json\/wp\/v2\/posts\/10466\/revisions"}],"predecessor-version":[{"id":10652,"href":"https:\/\/www.weltwaldwiesen.de\/weichenstellen\/wp-json\/wp\/v2\/posts\/10466\/revisions\/10652"}],"wp:attachment":[{"href":"https:\/\/www.weltwaldwiesen.de\/weichenstellen\/wp-json\/wp\/v2\/media?parent=10466"}],"wp:term":[{"taxonomy":"category","embeddable":true,"href":"https:\/\/www.weltwaldwiesen.de\/weichenstellen\/wp-json\/wp\/v2\/categories?post=10466"},{"taxonomy":"post_tag","embeddable":true,"href":"https:\/\/www.weltwaldwiesen.de\/weichenstellen\/wp-json\/wp\/v2\/tags?post=10466"}],"curies":[{"name":"wp","href":"https:\/\/api.w.org\/{rel}","templated":true}]}}