{"id":10431,"date":"2022-04-07T22:57:39","date_gmt":"2022-04-07T20:57:39","guid":{"rendered":"https:\/\/www.weichenstellen.de\/blog\/?p=10431"},"modified":"2022-07-09T09:37:08","modified_gmt":"2022-07-09T07:37:08","slug":"droge-waffen","status":"publish","type":"post","link":"https:\/\/www.weltwaldwiesen.de\/weichenstellen\/droge-waffen\/","title":{"rendered":"Droge Waffen"},"content":{"rendered":"<p style=\"text-align: center;\"><span style=\"font-size: 24pt; font-family: verdana, geneva, sans-serif; color: #ff0000;\"><strong>DIE SUCHT NACH WAFFEN<\/strong><\/span><\/p>\n<p><span style=\"font-size: 14pt; font-family: verdana, geneva, sans-serif;\">Manchmal kommt es mir in der gegenw\u00e4rtigen Diskussion wie eine Erleichterung vor, endlich ohne Umschweife die Notwendigkeit von Waffeneinsatz zu vertreten. Die Begr\u00fcndungen sind immer die gleichen: Diesem Aggressor ist nicht anders zu begegnen. Die j\u00fcngst aufgedeckten Massaker in einem Vorort von Kiew und an anderen Stellen befl\u00fcgeln diese Begr\u00fcndung einmal mehr.<\/span><\/p>\n<p><span style=\"font-family: verdana, geneva, sans-serif;\"><a href=\"https:\/\/www.weichenstellen.de\/blog\/wp-content\/uploads\/2022\/04\/Jericho-5.jpgklein.jpg\"><img loading=\"lazy\" class=\"aligncenter wp-image-10449 size-medium\" src=\"https:\/\/www.weichenstellen.de\/blog\/wp-content\/uploads\/2022\/04\/Jericho-5.jpgklein-300x225.jpg\" alt=\"\" width=\"300\" height=\"225\" srcset=\"https:\/\/www.weltwaldwiesen.de\/weichenstellen\/wp-content\/uploads\/2022\/04\/Jericho-5.jpgklein-300x225.jpg 300w, https:\/\/www.weltwaldwiesen.de\/weichenstellen\/wp-content\/uploads\/2022\/04\/Jericho-5.jpgklein.jpg 400w\" sizes=\"(max-width: 300px) 100vw, 300px\" \/><\/a><\/span><\/p>\n<p><span style=\"font-family: verdana, geneva, sans-serif; font-size: 14pt;\">Gleichzeitig gibt es &#8211; immer etwas zaghaft, aber doch mehr als ahnend vorgebracht &#8211; den Hinweis, dass solche Eskalation an Entsetzlichkeiten\u00a0 ja auch darauf hinweisen w\u00fcrde, wie sich die &#8218;Gewalt-Spirale&#8216; in die H\u00f6he entwickeln w\u00fcrde. <\/span><\/p>\n<p><span style=\"font-family: verdana, geneva, sans-serif; font-size: 14pt;\">Der wackere ukrainische Pr\u00e4sident Wolodymyr Selenskij ruft in der gegenw\u00e4rtig in keiner Weise zu untersch\u00e4tzenden Bedr\u00e4ngnis ebenfalls nach Waffen. Gleichzeitig spricht er unmissverst\u00e4ndlich und klar die &#8218;<strong>Wahrheit<\/strong>&#8218; aus: &#8218;<em>Ich bin da und alle politischen F\u00fchrer sind auch da.\u00a0 Das Milit\u00e4r ist da, die B\u00fcrger sind da und wir verteidigen unsere Unabh\u00e4ngigkeit, unser Land und das wird auch so bleiben<\/em>&#8218;. Und einen Tag sp\u00e4ter:\u00a0 &#8218;<em>Guten Morgen, Ukrainer. Ich bin hier, wir werden unseren Staat verteidigen, denn unsere Waffe ist die Wahrheit. Unsere Wahrheit ist, dass dies unser Land ist, unser Land unsere Kinder und wir werden all dies sch\u00fctzen. Das ist es, was ich sagen wollte<\/em>&#8218;. <\/span><\/p>\n<p><span style=\"font-size: 14pt; font-family: verdana, geneva, sans-serif;\">Ich war mehr als 20 Jahre in der Suchtkrankentherapie t\u00e4tig und entdecke hier auff\u00e4llige Parallelen.\u00a0 Die Begr\u00fcndungen, die Menschen bringen, wenn sie von ihrer gewachsenen Abh\u00e4ngigkeit sprechen, sind immer &#8211; im Bilde gesprochen &#8211; &#8218;kriegerische&#8216; Auseinandersetzungen. Da wird beschuldigt, verd\u00e4chtigt, angegriffen und nicht selten h\u00f6rte ich diese Begr\u00fcndung: &#8218;Ich habe das (Sucht)Mittel gebraucht, um mich endlich wehren zu k\u00f6nnen gegen Verleumdung, Verletzung, Missachtung.&#8216;\u00a0 <\/span><span style=\"font-size: 14pt; font-family: verdana, geneva, sans-serif;\">Eine Abstinenzforderung wird in solcher Situation nur als Niederlage empfunden. Auch die heimlichen Gewinner aus der &#8218;Drogen-Beschaffungs-Lobby&#8216; (\u00dcbertragen: Waffen-Schmiede-Lobby) geh\u00f6ren hier auch eher zum Widerstand gegen eine als notwendig gesehene unabdingbar ver\u00e4nderte Haltung.<br \/>\n<\/span><br \/>\n<span style=\"font-family: verdana, geneva, sans-serif;\"><span style=\"font-size: 14pt;\">W\u00e4hrend\u00a0 therapeutischer Bem\u00fchungen ging es immer darum, die Willenskraft zu st\u00e4rken, die &#8218;Waffe&#8216; Droge <\/span><span style=\"font-size: 14pt;\">einsichtig <\/span><span style=\"font-size: 14pt;\">trotz aller Widerst\u00e4nde\u00a0 aus der Hand zu geben,\u00a0 die eigenen &#8218;Waffen&#8216; in Wort und Entscheidung einzusetzen und dieser Kompetenz unbedingt zu trauen.<br \/>\n<\/span><\/span><\/p>\n<p style=\"text-align: center;\"><span style=\"font-family: verdana, geneva, sans-serif;\"><a href=\"https:\/\/www.weichenstellen.de\/blog\/wp-content\/uploads\/2017\/04\/Spross-Fr\u00fch.jpgklein.jpg\"><img loading=\"lazy\" class=\"aligncenter wp-image-7227 size-medium\" src=\"https:\/\/www.weichenstellen.de\/blog\/wp-content\/uploads\/2017\/04\/Spross-Fr\u00fch.jpgklein-300x225.jpg\" alt=\"\" width=\"300\" height=\"225\" srcset=\"https:\/\/www.weltwaldwiesen.de\/weichenstellen\/wp-content\/uploads\/2017\/04\/Spross-Fr\u00fch.jpgklein-300x225.jpg 300w, https:\/\/www.weltwaldwiesen.de\/weichenstellen\/wp-content\/uploads\/2017\/04\/Spross-Fr\u00fch.jpgklein.jpg 450w\" sizes=\"(max-width: 300px) 100vw, 300px\" \/><\/a><\/span>Dem wachsenden Keim des Widerstandes aus den Verh\u00e4rtungen trauen<\/p>\n<p><span style=\"font-family: verdana, geneva, sans-serif;\"><span style=\"font-size: 14pt;\">Am Ende hatte sich in vielen &#8218;F\u00e4llen&#8216; tats\u00e4chlich eine neue Sprach- und Auseinandersetzungs-Kompetenz ohne Einsatz weiterer Drogen entwickelt.\u00a0 Sowohl bei den unmittelbar als auch bei den mittelbar &#8218;Betroffenen&#8216; ergab sich eine gr\u00f6\u00dfere Bereitschaft der Begegnung in Augenh\u00f6he<\/span><span style=\"font-size: 14pt;\">.\u00a0 <\/span><span style=\"font-size: 14pt;\">In sich bildenden &#8218;Selbsthilfegruppen&#8216; wurden Verb\u00fcndete f\u00fcr eine wehrhafte Abstinenz gefunden! <\/span><\/span><\/p>\n<p><span style=\"font-family: verdana, geneva, sans-serif; font-size: 14pt;\">Das alles ist in die aktuelle Kriegssituation gut \u00fcbertragbar. Die Kraft der Worte ist ungebrochen und sie bleibt st\u00e4rker als jede Waffe! Das ist in der gegenw\u00e4rtigen\u00a0 <\/span><span style=\"font-family: verdana, geneva, sans-serif; font-size: 14pt;\">Krise <\/span><span style=\"font-family: verdana, geneva, sans-serif; font-size: 14pt;\">vielleicht <\/span><span style=\"font-family: verdana, geneva, sans-serif; font-size: 14pt;\">nicht so unmittelbar ablesbar. Erleichterung aber wird sp\u00fcrbar,\u00a0 wenn eine Sprache zu h\u00f6ren ist, die auf die Gestaltungskr\u00e4fte in und von Menschen abzielt. St\u00e4ndig lauterer Ruf nach mehr Waffen entlarvt\u00a0 Hilflosigkeit einerseits und ein hohes Ma\u00df an<br \/>\nAbh\u00e4ngigkeitsbereitschaft\u00a0 andererseits.<\/span><\/p>\n<p><span style=\"font-family: verdana, geneva, sans-serif; font-size: 14pt;\">Zugegeben ist die Gemengelage nicht einfach. Dennoch schafft sie in ihrer Vielgestaltigkeit und Undurchsichtigkeit Raum f\u00fcr \u00fcberraschende\u00a0 Vorstellungen. <\/span><\/p>\n<p><span style=\"font-family: verdana, geneva, sans-serif; font-size: 14pt;\">In meinem &#8218;Fiktiven Brief an Wladimir Putin&#8216; (vor dem kriegerischen \u00dcberfall) habe ich am Schluss eine Vision mitgeteilt, die ich hier wiederhole:\u00a0 Ich w\u00fcnsche mir, dass einige schon bestehende Bem\u00fchungen zwischen unserem Land und anderen europ\u00e4ischen Staaten\u00a0 in einen <strong>gro\u00dfen <\/strong><strong>freundschaftlichen Vertrag von Verl\u00e4sslichkeit und Vertrauen <\/strong>m\u00fcnden. <\/span><span style=\"font-family: verdana, geneva, sans-serif; font-size: 14pt;\">Ich erweitere das vision\u00e4re Bild hier: Aus allen Staaten, besonders den r\u00e4umlich nahen europ\u00e4ischen bildet sich eine Delegation. Sie besteht aus in ihrer Haltung verl\u00e4sslichen Beauftragten, die den &#8218;Therapeutischen Weg&#8216; zu gehen bereit und in der Lage sind, M\u00f6glichkeiten der Entspannung und\u00a0 Entfaltung von <\/span><span style=\"font-family: verdana, geneva, sans-serif; font-size: 14pt;\">Gemeinsamkeit <\/span><span style=\"font-family: verdana, geneva, sans-serif; font-size: 14pt;\">zu schaffen.\u00a0<\/span><\/p>\n<p><span style=\"font-family: verdana, geneva, sans-serif; font-size: 14pt;\">F\u00fcr eine solche Ma\u00dfnahme wird es allerdings nicht ein einseitiges &#8218;Schuld-Bekenntnis&#8216; als\u00a0 erste Bedingung einer solchen &#8218;Runde in Gemeinschaft&#8216; geben k\u00f6nnen. Das mit ausgestrecktem Zeigefinger auf andere benannte <\/span><span style=\"font-family: verdana, geneva, sans-serif; font-size: 14pt;\">&#8218;Schuldhafte&#8216; <\/span><span style=\"font-family: verdana, geneva, sans-serif; font-size: 14pt;\">birgt die Erkenntnis, dass die sich gleichzeitig auf sich selbst gerichteten drei Finger ebenfalls als &#8218;Wahrheit&#8216; verstanden wird.<br \/>\n<\/span><\/p>\n<p><span style=\"font-family: verdana, geneva, sans-serif; font-size: 14pt;\">Ich habe den langen Verhandlungstisch im Kreml vor Augen, der aber auch an jedem anderen Ort stehen k\u00f6nnte, an dem sich die Gut-Willigen versammeln. An einem &#8218;Tisch in Freiheit und mit Weitblick&#8216; und in &#8218;Augenh\u00f6he&#8216;!<br \/>\n<\/span><\/p>\n<p style=\"text-align: center;\"><span style=\"font-size: 14pt; font-family: verdana, geneva, sans-serif;\"><a href=\"https:\/\/www.weichenstellen.de\/blog\/wp-content\/uploads\/2022\/04\/P8152781_klein.jpg\"><img loading=\"lazy\" class=\"alignnone size-medium wp-image-10434\" src=\"https:\/\/www.weichenstellen.de\/blog\/wp-content\/uploads\/2022\/04\/P8152781_klein-225x300.jpg\" alt=\"\" width=\"225\" height=\"300\" srcset=\"https:\/\/www.weltwaldwiesen.de\/weichenstellen\/wp-content\/uploads\/2022\/04\/P8152781_klein-225x300.jpg 225w, https:\/\/www.weltwaldwiesen.de\/weichenstellen\/wp-content\/uploads\/2022\/04\/P8152781_klein.jpg 450w\" sizes=\"(max-width: 225px) 100vw, 225px\" \/><\/a><\/span><\/p>\n<p><span style=\"font-size: 14pt; font-family: verdana, geneva, sans-serif;\">Jedem Delegierten an diesem Tisch w\u00fcrde dieser franziskanische Segen\u00a0 zur Verf\u00fcgung stehen:<\/span><\/p>\n<p style=\"text-align: center;\"><span style=\"font-size: 14pt; font-family: verdana, geneva, sans-serif;\"><em>M\u00f6ge Gott dich mit Unbehagen segnen bei einfachen Antworten, Halbwahrheiten, und oberfl\u00e4chlichen Beziehungen,<br \/>\ndamit du tief im Herzen lebendig wirst<\/em><\/span><\/p>\n<p style=\"text-align: center;\"><span style=\"font-size: 14pt; font-family: verdana, geneva, sans-serif;\"><em>M\u00f6ge Gott dich mit Zorn segnen<br \/>\n\u00fcber Ungerechtigkeit, Unterdr\u00fcckung und Ausbeutung von Menschen,<br \/>\ndamit du dich f\u00fcr Gerechtigkeit , Freiheit und Frieden einsetzen kannst.<\/em><\/span><\/p>\n<p style=\"text-align: center;\"><span style=\"font-family: verdana, geneva, sans-serif;\"><span style=\"font-size: 14pt;\"><em>M\u00f6ge Gott dich mit Tr\u00e4nen segnen, die zu vergie\u00dfen f\u00fcr diejenigen,<br \/>\n<\/em><\/span><span style=\"font-size: 14pt;\"><em>die Schmerz, Ablehnung, Hunger und Krieg erleiden,<br \/>\ndamit du deine Hand ausstrecken und tr\u00f6sten kannst,<br \/>\num Schmerz in Freude zu verwandeln.<\/em><\/span><\/span><\/p>\n<p style=\"text-align: center;\"><span style=\"font-size: 14pt;\"><em><span style=\"font-family: verdana, geneva, sans-serif;\">Und m\u00f6ge Gott dich mit gen\u00fcgend Torheit segnen zu glauben,<\/span><br \/>\n<span style=\"font-family: verdana, geneva, sans-serif;\">dass du einen Unterschied in der Welt machen kannst,<\/span><br \/>\n<span style=\"font-family: verdana, geneva, sans-serif;\">damit du tun kannst, was andere f\u00fcr unm\u00f6glich halten,<\/span><br \/>\n<span style=\"font-family: verdana, geneva, sans-serif;\">um Gerechtigkeit und G\u00fcte<\/span><br \/>\n<span style=\"font-family: verdana, geneva, sans-serif;\">f\u00fcr alle unsere Kinder und die Armen zu bringen.<\/span><br \/>\n<\/em><\/span><\/p>\n<hr \/>\n<p>Ich habe heute das PUBKLIK-FORUM EXTRA Themenheft <strong>FRIEDEN<\/strong> erhalten. Ich empfehle dringend die Lekt\u00fcre unterschiedlicher Beitr\u00e4ge, die meine Sicht ber\u00fchren.(<a href=\"http:\/\/www.publik-forum.de\/extra\">http:\/\/www.publik-forum.de\/extra<\/a>)<\/p>\n<hr \/>\n<p style=\"text-align: center;\"><a href=\"https:\/\/www.weichenstellen.de\/blog\/kontakt\/\"><span style=\"font-size: 14pt; font-family: verdana, geneva, sans-serif;\">KONTAKT<\/span><\/a><br \/>\n<a href=\"https:\/\/www.weichenstellen.de\/blog\/dankbarkeit-verpflichtet\/\"><span style=\"font-size: 14pt; font-family: verdana, geneva, sans-serif;\">FIKTIVER BRIEF AN WLADIMIR PUTIN<\/span><\/a><\/p>\n<hr \/>\n<p style=\"text-align: center;\"><a href=\"https:\/\/www.weichenstellen.de\/blog\/themen\/\"><span style=\"font-family: verdana, geneva, sans-serif; font-size: 14pt;\">ZU THEMEN<\/span><\/a><\/p>\n","protected":false},"excerpt":{"rendered":"<p>DIE SUCHT NACH WAFFEN Manchmal kommt es mir in der gegenw\u00e4rtigen Diskussion wie eine Erleichterung vor, endlich ohne Umschweife die Notwendigkeit von Waffeneinsatz zu vertreten. Die Begr\u00fcndungen sind immer die gleichen: Diesem Aggressor ist nicht anders zu begegnen. Die j\u00fcngst aufgedeckten Massaker in einem Vorort von Kiew und an anderen Stellen befl\u00fcgeln diese Begr\u00fcndung einmal\u2026 <span class=\"read-more\"><a href=\"https:\/\/www.weltwaldwiesen.de\/weichenstellen\/droge-waffen\/\">Weiterlesen &raquo;<\/a><\/span><\/p>\n","protected":false},"author":1,"featured_media":0,"comment_status":"closed","ping_status":"open","sticky":false,"template":"","format":"standard","meta":{"spay_email":"","jetpack_publicize_message":"","jetpack_is_tweetstorm":false,"jetpack_publicize_feature_enabled":true},"categories":[5,6],"tags":[],"jetpack_featured_media_url":"","jetpack_publicize_connections":[],"jetpack_shortlink":"https:\/\/wp.me\/p3UvYh-2If","jetpack_sharing_enabled":true,"_links":{"self":[{"href":"https:\/\/www.weltwaldwiesen.de\/weichenstellen\/wp-json\/wp\/v2\/posts\/10431"}],"collection":[{"href":"https:\/\/www.weltwaldwiesen.de\/weichenstellen\/wp-json\/wp\/v2\/posts"}],"about":[{"href":"https:\/\/www.weltwaldwiesen.de\/weichenstellen\/wp-json\/wp\/v2\/types\/post"}],"author":[{"embeddable":true,"href":"https:\/\/www.weltwaldwiesen.de\/weichenstellen\/wp-json\/wp\/v2\/users\/1"}],"replies":[{"embeddable":true,"href":"https:\/\/www.weltwaldwiesen.de\/weichenstellen\/wp-json\/wp\/v2\/comments?post=10431"}],"version-history":[{"count":8,"href":"https:\/\/www.weltwaldwiesen.de\/weichenstellen\/wp-json\/wp\/v2\/posts\/10431\/revisions"}],"predecessor-version":[{"id":10575,"href":"https:\/\/www.weltwaldwiesen.de\/weichenstellen\/wp-json\/wp\/v2\/posts\/10431\/revisions\/10575"}],"wp:attachment":[{"href":"https:\/\/www.weltwaldwiesen.de\/weichenstellen\/wp-json\/wp\/v2\/media?parent=10431"}],"wp:term":[{"taxonomy":"category","embeddable":true,"href":"https:\/\/www.weltwaldwiesen.de\/weichenstellen\/wp-json\/wp\/v2\/categories?post=10431"},{"taxonomy":"post_tag","embeddable":true,"href":"https:\/\/www.weltwaldwiesen.de\/weichenstellen\/wp-json\/wp\/v2\/tags?post=10431"}],"curies":[{"name":"wp","href":"https:\/\/api.w.org\/{rel}","templated":true}]}}