{"id":10413,"date":"2022-04-02T17:52:37","date_gmt":"2022-04-02T15:52:37","guid":{"rendered":"https:\/\/www.weichenstellen.de\/blog\/?p=10413"},"modified":"2023-04-01T04:22:11","modified_gmt":"2023-04-01T02:22:11","slug":"identitaet","status":"publish","type":"post","link":"https:\/\/www.weltwaldwiesen.de\/weichenstellen\/identitaet\/","title":{"rendered":"Identit\u00e4t"},"content":{"rendered":"<p>&nbsp;<\/p>\n<p style=\"text-align: center;\"><span style=\"font-size: 24pt; font-family: verdana, geneva, sans-serif; color: #ff0000;\"><strong>NEUGIERIG AUF IDENTIT\u00c4T<\/strong><\/span><\/p>\n<p><a href=\"https:\/\/www.weichenstellen.de\/blog\/wp-content\/uploads\/2013\/11\/Anrede-1.jpg\"><img loading=\"lazy\" class=\"alignnone size-medium wp-image-851\" src=\"https:\/\/www.weichenstellen.de\/blog\/wp-content\/uploads\/2013\/11\/Anrede-1-300x125.jpg\" alt=\"\" width=\"300\" height=\"125\" srcset=\"https:\/\/www.weltwaldwiesen.de\/weichenstellen\/wp-content\/uploads\/2013\/11\/Anrede-1-300x125.jpg 300w, https:\/\/www.weltwaldwiesen.de\/weichenstellen\/wp-content\/uploads\/2013\/11\/Anrede-1.jpg 425w\" sizes=\"(max-width: 300px) 100vw, 300px\" \/><\/a><\/p>\n<p><strong><span style=\"font-family: verdana, geneva, sans-serif; font-size: 14pt;\">26. M\u00e4rz 2022<\/span><\/strong><\/p>\n<p>&nbsp;<\/p>\n<p><span style=\"font-size: 14pt; font-family: verdana, geneva, sans-serif;\">An meinem linken Handgelenk habe ich w\u00e4hrend eines Krankenhausaufenthaltes ein Armband, das meinen Identit\u00e4ts-Code enth\u00e4lt. So bin ich\u00a0 bei den Untersuchungen schnell &#8218;erfasst&#8216;.<\/span><\/p>\n<p style=\"text-align: center;\"><span style=\"font-size: 14pt; font-family: verdana, geneva, sans-serif;\"><a href=\"https:\/\/www.weichenstellen.de\/blog\/wp-content\/uploads\/2022\/04\/MHO-Maerz-2022-klein.jpg\"><img loading=\"lazy\" class=\"alignnone size-medium wp-image-10415\" src=\"https:\/\/www.weichenstellen.de\/blog\/wp-content\/uploads\/2022\/04\/MHO-Maerz-2022-klein-300x169.jpg\" alt=\"\" width=\"300\" height=\"169\" srcset=\"https:\/\/www.weltwaldwiesen.de\/weichenstellen\/wp-content\/uploads\/2022\/04\/MHO-Maerz-2022-klein-300x169.jpg 300w, https:\/\/www.weltwaldwiesen.de\/weichenstellen\/wp-content\/uploads\/2022\/04\/MHO-Maerz-2022-klein.jpg 450w\" sizes=\"(max-width: 300px) 100vw, 300px\" \/><\/a><\/span><\/p>\n<p><span style=\"font-size: 14pt; font-family: verdana, geneva, sans-serif;\">Am rechten Handgelenk trage ich das Armband &#8218;Perlen des Glaubens&#8216;.<\/span><\/p>\n<p style=\"text-align: center;\"><span style=\"font-size: 14pt; font-family: verdana, geneva, sans-serif;\"><a href=\"https:\/\/www.weichenstellen.de\/blog\/wp-content\/uploads\/2022\/04\/DSC_0260-klein.jpg\"><img loading=\"lazy\" class=\"alignnone size-medium wp-image-10416\" src=\"https:\/\/www.weichenstellen.de\/blog\/wp-content\/uploads\/2022\/04\/DSC_0260-klein-300x199.jpg\" alt=\"\" width=\"300\" height=\"199\" srcset=\"https:\/\/www.weltwaldwiesen.de\/weichenstellen\/wp-content\/uploads\/2022\/04\/DSC_0260-klein-300x199.jpg 300w, https:\/\/www.weltwaldwiesen.de\/weichenstellen\/wp-content\/uploads\/2022\/04\/DSC_0260-klein.jpg 450w\" sizes=\"(max-width: 300px) 100vw, 300px\" \/><\/a><\/span><\/p>\n<p><span style=\"font-size: 14pt; font-family: verdana, geneva, sans-serif;\">Zwei Seiten meiner Identit\u00e4t werden mir bewusst. <\/span><\/p>\n<p><span style=\"font-size: 14pt; font-family: verdana, geneva, sans-serif;\">Es gibt Daten, die meine Identit\u00e4t und Einmaligkeit dokumentieren, um Verwechslungen zu vermeiden.\u00a0 Es gibt aber auch &#8218;identische&#8216; Haltungen, <\/span><span style=\"font-size: 14pt; font-family: verdana, geneva, sans-serif;\">die f\u00fcr mich erlebbar, f\u00fcr andere erfahrbar sind.<\/span><\/p>\n<p><span style=\"font-size: 14pt; font-family: verdana, geneva, sans-serif;\">Diese Seite meiner Identit\u00e4t wird mir jetzt neu bewusst. Sie hat mich immer neugierig gehalten und ist mir in derzeitiger gesundheitlicher und kriegerischer Krise sehr nah ger\u00fcckt.<\/span><\/p>\n<p><span style=\"font-size: 14pt; font-family: verdana, geneva, sans-serif;\">Gleichzeitig lese ich das Buch des heute 78j\u00e4hrigen Friedemann Schulz von Thun zum Thema &#8218;<em>Erf\u00fclltes Leben &#8211; ein kleines Modell f\u00fcr eine gro\u00dfe Idee<\/em>&#8218;. Gerade gut gef\u00fcgt f\u00fcr mich. Lesenswert!\u00a0 <\/span><span style=\"font-size: 14pt; font-family: verdana, geneva, sans-serif;\">Manche kennen die fr\u00fcheren eing\u00e4ngigen Struktur-Bilder des Verfassers zur gelingenden Kommunikation.<\/span><\/p>\n<p><span style=\"font-size: 14pt; font-family: verdana, geneva, sans-serif;\">Dieses &#8218;5-Felder-Modell&#8216; eines erf\u00fcllten Lebens ist verst\u00e4ndlich, beeindruckend und vertieft meinen gerade neu geweckten Blick auf meine Identit\u00e4t.<\/span><\/p>\n<p style=\"text-align: center;\"><span style=\"font-size: 14pt; font-family: verdana, geneva, sans-serif;\"><a href=\"https:\/\/www.weichenstellen.de\/blog\/wp-content\/uploads\/2022\/04\/Sinnerfuellt-Thun.pdf\">Sinnerf\u00fcllt- Thun<\/a><\/span><\/p>\n<p><span style=\"font-size: 14pt; font-family: verdana, geneva, sans-serif;\">Das Modell vom eigenen &#8218;inneren Team&#8216; ist\u00a0 gro\u00dfartige Hilfe, eigene umfassende Kompetenz &#8211; besonders auch in gegenw\u00e4rtiger &#8218;Zeiten-Wende&#8216; &#8211; als handlungsf\u00e4hige Selbst-Bestimmung zu erfahren.<\/span><\/p>\n<p style=\"text-align: center;\"><a href=\"https:\/\/www.weichenstellen.de\/blog\/wp-content\/uploads\/2022\/04\/DSC_0262.JPG-Kompetenz-klein.jpg\"><img loading=\"lazy\" class=\"alignnone size-medium wp-image-10419\" src=\"https:\/\/www.weichenstellen.de\/blog\/wp-content\/uploads\/2022\/04\/DSC_0262.JPG-Kompetenz-klein-300x199.jpg\" alt=\"\" width=\"300\" height=\"199\" srcset=\"https:\/\/www.weltwaldwiesen.de\/weichenstellen\/wp-content\/uploads\/2022\/04\/DSC_0262.JPG-Kompetenz-klein-300x199.jpg 300w, https:\/\/www.weltwaldwiesen.de\/weichenstellen\/wp-content\/uploads\/2022\/04\/DSC_0262.JPG-Kompetenz-klein.jpg 450w\" sizes=\"(max-width: 300px) 100vw, 300px\" \/><\/a><\/p>\n<p>&nbsp;<\/p>\n<hr \/>\n<p><span style=\"font-size: 14pt; font-family: verdana, geneva, sans-serif;\">Zitat Seite 198-200<\/span><\/p>\n<p><span style=\"font-size: 14pt; font-family: verdana, geneva, sans-serif;\">.<em>&#8230; je mehr es dir gelingt und es dir verg\u00f6nnt ist, dein einmaliges Wesen lebendig werden zu lassen und das aus dir zu machen, was an M\u00f6glichkeiten in dir steckt &#8211; vielleicht sogar hin und wieder \u00fcber dich hinaus zu wachsen -, desto mehr Lebenserf\u00fcllung vom Typus Omega ist dir beschieden.\u00a0 Und was f\u00fcr eine du bist und was f\u00fcr einer du wirst, das ist nur zu einem geringen Teil in dir selbst und deinen Genen vorbestimmt.\u00a0 Erst die Wechselwirkung\u00a0 mit deinem Lebensschicksal mit den Menschen, denen du begegnest und die dir nahe kommen&#8216; mit den gesellschaft<\/em><\/span><span style=\"font-size: 14pt; font-family: verdana, geneva, sans-serif;\">lichen Rollen, <em>die du dir w\u00e4hlst oder die dir zufallen,\u00a0 f\u00fchrt zu dem, was dich letztlich ausmacht. Du machst deine Geschichte, und deine Geschichte macht etwas mit dir &#8211; in dieser ewigen Wechselwirkung\u00a0 bildet sich dein Wesen heraus. Und dann besteht die Omega-Herausforderung darin, ein Leben zu f\u00fchren, das dir entspricht und dadurch zu deinem Leben wird.<\/em><\/span><br \/>\n<em><span style=\"font-size: 14pt; font-family: verdana, geneva, sans-serif;\">Dazu ist es aber erforderlich, dass du dich selbst erkennst und verstehst:<\/span><\/em><br \/>\n<span style=\"font-size: 14pt; font-family: verdana, geneva, sans-serif;\">&#8218;<em>Wer sich selbst versteht, kommuniziert besser!&#8216;- haben wir gesagt, um das Modell vom Inneren Team zu popularisieren. Jetzt k\u00f6nnen wir sagen: &#8218;Wer sich selbst findet, <\/em><\/span><em><span style=\"font-size: 14pt; font-family: verdana, geneva, sans-serif;\">vergr\u00f6\u00dfert seine Chance auf ein stimmiges Leben!&#8216;\u00a0 Und ein stimmiges Leben ist eines, das sowohl meinem Wesen&#8216; meiner inneren Wahrheit, meinem Credo gerecht wird als auch den Herausforderungen, die das Leben mir zuspielt und auferlegt. Wir d\u00fcrfen von einer existenziellen Schl\u00fcsselqualifikation sprechen. Das Modell und die Methoden des Inneren Teams leistet hier eine gro\u00dfartige Hilfe: &#8230;.\u00a0 Immer dann, wenn sich die abstrakte Frage &#8218;Was will ich vom Leben und was will das Leben von mir&#8216; konkret \u00a0\u00a0 bezogen auf eine Lebenssituation stellt, kann ich die inneren Wortmelder auf,<\/span><\/em><br \/>\n<em><span style=\"font-size: 14pt; font-family: verdana, geneva, sans-serif;\">suchen, die zu dieser Frage einen Beitrag auf dem Herzen haben. Wer sich \u00fcbergangen f\u00fchlt, ist verstimmt. Wer sich geh\u00f6rt und verstanden f\u00fchlt, wird seine Kraft f\u00fcr die gemeinsame Sache zur Verf\u00fcgung stellen &#8211; da freut sich das Oberhaupt, welches die obige Frage zur Chefsache gemacht hat. Und dann w\u00e4chst die Chance auf ein erf\u00fclltes Leben, nicht nur vom Typus Omega.<\/span><\/em><\/p>\n<hr \/>\n<p><span style=\"font-size: 14pt; font-family: verdana, geneva, sans-serif;\">Ich f\u00fchle mich im Bereich &#8218;DELTA&#8216; &#8211; Daseinserf\u00fcllung &#8211; besonders wohl und das Perlen-Band am rechten Handgelenk ist mir eine sehr hilfreiche Begleitung f\u00fcr die innere Orientierung.<\/span><\/p>\n<p><span style=\"font-size: 14pt; font-family: verdana, geneva, sans-serif;\"><em>Liebe Amelie, lieber Zacharias<\/em>,<br \/>\n<\/span><span style=\"font-size: 14pt; font-family: verdana, geneva, sans-serif;\">ich empfehle Euch das genannte Buch sehr:<br \/>\nVerlag Hanser, ISBN 978-3-446-27145-6.<\/span><br \/>\n<span style=\"font-family: verdana, geneva, sans-serif; font-size: 14pt;\">N\u00e4heres zu den Perlen des Glaubens findet ihr hier: <\/span><br \/>\n<span style=\"font-family: verdana, geneva, sans-serif; font-size: 14pt;\"><a href=\"http:\/\/www.perlen-des-glaubens.de\" target=\"_blank\" rel=\"noopener\">http:\/\/www.perlen-des-glaubens.de<\/a><\/span><\/p>\n<p><span style=\"font-family: verdana, geneva, sans-serif; font-size: 14pt;\">Euer<\/span><br \/>\n<a href=\"https:\/\/www.weichenstellen.de\/blog\/wp-content\/uploads\/2013\/11\/Anrede2.jpg\"><img loading=\"lazy\" class=\"alignnone wp-image-852\" src=\"https:\/\/www.weichenstellen.de\/blog\/wp-content\/uploads\/2013\/11\/Anrede2.jpg\" alt=\"\" width=\"142\" height=\"69\" \/><\/a><\/p>\n<p><a href=\"https:\/\/www.weichenstellen.de\/blog\/kontakt\/\" target=\"_blank\" rel=\"noopener\"><strong>KONTAKT<\/strong><\/a><\/p>\n<hr \/>\n<p style=\"text-align: center;\"><a href=\"https:\/\/www.weichenstellen.de\/blog\/\" target=\"_blank\" rel=\"noopener\"><span style=\"font-family: verdana, geneva, sans-serif; font-size: 14pt;\"><strong>ZU START-SEITE<\/strong><\/span><\/a><br \/>\n<span style=\"font-family: verdana, geneva, sans-serif; font-size: 14pt;\">oder<\/span><br \/>\n<strong><a href=\"https:\/\/www.weichenstellen.de\/blog\/fiktiver-brief\/\" target=\"_blank\" rel=\"noopener\"><span style=\"font-family: verdana, geneva, sans-serif; font-size: 14pt;\">FIKTIVER BRIEF<\/span><\/a><\/strong><\/p>\n","protected":false},"excerpt":{"rendered":"<p>&nbsp; NEUGIERIG AUF IDENTIT\u00c4T 26. M\u00e4rz 2022 &nbsp; An meinem linken Handgelenk habe ich w\u00e4hrend eines Krankenhausaufenthaltes ein Armband, das meinen Identit\u00e4ts-Code enth\u00e4lt. So bin ich\u00a0 bei den Untersuchungen schnell &#8218;erfasst&#8216;. Am rechten Handgelenk trage ich das Armband &#8218;Perlen des Glaubens&#8216;. Zwei Seiten meiner Identit\u00e4t werden mir bewusst. Es gibt Daten, die meine Identit\u00e4t und\u2026 <span class=\"read-more\"><a href=\"https:\/\/www.weltwaldwiesen.de\/weichenstellen\/identitaet\/\">Weiterlesen &raquo;<\/a><\/span><\/p>\n","protected":false},"author":1,"featured_media":0,"comment_status":"closed","ping_status":"open","sticky":false,"template":"","format":"standard","meta":{"spay_email":"","jetpack_publicize_message":"","jetpack_is_tweetstorm":false,"jetpack_publicize_feature_enabled":true},"categories":[5],"tags":[],"jetpack_featured_media_url":"","jetpack_publicize_connections":[],"jetpack_shortlink":"https:\/\/wp.me\/p3UvYh-2HX","jetpack_sharing_enabled":true,"_links":{"self":[{"href":"https:\/\/www.weltwaldwiesen.de\/weichenstellen\/wp-json\/wp\/v2\/posts\/10413"}],"collection":[{"href":"https:\/\/www.weltwaldwiesen.de\/weichenstellen\/wp-json\/wp\/v2\/posts"}],"about":[{"href":"https:\/\/www.weltwaldwiesen.de\/weichenstellen\/wp-json\/wp\/v2\/types\/post"}],"author":[{"embeddable":true,"href":"https:\/\/www.weltwaldwiesen.de\/weichenstellen\/wp-json\/wp\/v2\/users\/1"}],"replies":[{"embeddable":true,"href":"https:\/\/www.weltwaldwiesen.de\/weichenstellen\/wp-json\/wp\/v2\/comments?post=10413"}],"version-history":[{"count":5,"href":"https:\/\/www.weltwaldwiesen.de\/weichenstellen\/wp-json\/wp\/v2\/posts\/10413\/revisions"}],"predecessor-version":[{"id":10883,"href":"https:\/\/www.weltwaldwiesen.de\/weichenstellen\/wp-json\/wp\/v2\/posts\/10413\/revisions\/10883"}],"wp:attachment":[{"href":"https:\/\/www.weltwaldwiesen.de\/weichenstellen\/wp-json\/wp\/v2\/media?parent=10413"}],"wp:term":[{"taxonomy":"category","embeddable":true,"href":"https:\/\/www.weltwaldwiesen.de\/weichenstellen\/wp-json\/wp\/v2\/categories?post=10413"},{"taxonomy":"post_tag","embeddable":true,"href":"https:\/\/www.weltwaldwiesen.de\/weichenstellen\/wp-json\/wp\/v2\/tags?post=10413"}],"curies":[{"name":"wp","href":"https:\/\/api.w.org\/{rel}","templated":true}]}}