{"id":10324,"date":"2022-02-16T12:09:23","date_gmt":"2022-02-16T11:09:23","guid":{"rendered":"https:\/\/www.weichenstellen.de\/blog\/?p=10324"},"modified":"2022-04-04T09:41:21","modified_gmt":"2022-04-04T07:41:21","slug":"dankbarkeit-verpflichtet","status":"publish","type":"post","link":"https:\/\/www.weltwaldwiesen.de\/weichenstellen\/dankbarkeit-verpflichtet\/","title":{"rendered":"Dankbarkeit verpflichtet"},"content":{"rendered":"<div id=\"attachment_10328\" style=\"width: 310px\" class=\"wp-caption aligncenter\"><a href=\"https:\/\/www.weichenstellen.de\/blog\/wp-content\/uploads\/2022\/02\/P6081086-klein.jpg\"><img aria-describedby=\"caption-attachment-10328\" loading=\"lazy\" class=\"size-medium wp-image-10328\" src=\"https:\/\/www.weichenstellen.de\/blog\/wp-content\/uploads\/2022\/02\/P6081086-klein-300x225.jpg\" alt=\"\" width=\"300\" height=\"225\" srcset=\"https:\/\/www.weltwaldwiesen.de\/weichenstellen\/wp-content\/uploads\/2022\/02\/P6081086-klein-300x225.jpg 300w, https:\/\/www.weltwaldwiesen.de\/weichenstellen\/wp-content\/uploads\/2022\/02\/P6081086-klein.jpg 450w\" sizes=\"(max-width: 300px) 100vw, 300px\" \/><\/a><p id=\"caption-attachment-10328\" class=\"wp-caption-text\"><span style=\"font-size: 18pt; font-family: verdana, geneva, sans-serif;\">\u00a0\u00a0\u00a0\u00a0\u00a0\u00a0\u00a0\u00a0\u00a0\u00a0\u00a0\u00a0 Danke!<\/span><\/p><\/div>\n<p style=\"text-align: center;\"><span style=\"font-size: 24pt; color: #ff0000;\"><strong><span style=\"font-family: verdana, geneva, sans-serif;\">OFFENER BRIEF<br \/>\nAN DEN PR\u00c4SIDENTEN<br \/>\nDER RUSSISCHEN F\u00d6DERATION<br \/>\nWLADIMIR PUTIN<\/span><\/strong><\/span><\/p>\n<p><span style=\"font-size: 14pt; font-family: verdana, geneva, sans-serif;\"><em><strong>Sehr geehrter Wladimir Putin<\/strong><\/em>,<br \/>\n<\/span><span style=\"font-size: 14pt; font-family: verdana, geneva, sans-serif;\">angesichts der j\u00fcngsten Geschehnisse um den Konflikt an der russisch-ukrainischen Grenze habe ich oft an Sie gedacht, mich in Sie hinein zu versetzen versucht, wenn ich Sie am langen ovalen Tisch im Gespr\u00e4ch erlebte. An einen Menschen denken, hei\u00dft f\u00fcr mich in erster Linie, ihn verstehen zu wollen.<\/span><\/p>\n<p><span style=\"font-size: 14pt; font-family: verdana, geneva, sans-serif;\">Ich wei\u00df aus meiner eigenen Biografie um die Macht erfahrener Pr\u00e4gungen. Wir sind durch\u00a0 fr\u00fche Entwicklungsgeschichte &#8218;Gezeichnete&#8216; und m\u00fcssen immer darauf achten &#8211; besonders in kritischen Entwicklungen &#8211; , dass wir &#8218;klaren Kopf&#8216; behalten und nicht Getriebene unserer Pr\u00e4gungen sind.<\/span><\/p>\n<p><span style=\"font-size: 14pt; font-family: verdana, geneva, sans-serif;\">Zu unseren Pr\u00e4gungen geh\u00f6ren auch Verluste. Diese Erfahrungen sitzen besonders tief verankert. Was einmal unser Leben bestimmte, eine gewisse Vertrautheit erlangte, hat hohe Haftungskraft. Wenn die verloren geht, ist das ein schmerzhafter Prozess und bekannte Kr\u00e4fte wie <em>&#8218;Nicht-mir-mir!&#8216;<\/em> \u00fcbernehmen h\u00e4ufig Regie.<\/span><\/p>\n<p><span style=\"font-size: 14pt; font-family: verdana, geneva, sans-serif;\">Altersm\u00e4\u00dfig liegen zwischen uns 14 Jahre. Ich wurde noch von der unheilvollen Vision eines &#8218;Gro\u00dfdeutschen Reiches&#8216; gepr\u00e4gt und verf\u00fchrt, dem sich alle und alles unterzuordnen hatten.\u00a0 Ich habe in jungen Jahren schmerzhaft die Folgen dieser Hybris ertragen und erleben m\u00fcssen, als ein kleines von Siegerm\u00e4chten abh\u00e4ngiges und geteiltes Land entstand. Ein weiteres Verst\u00e4ndnis von Abgrenzung und &#8218;Feinschaft&#8216; nistete sich ein.<\/span><\/p>\n<p><span style=\"font-size: 14pt; font-family: verdana, geneva, sans-serif;\">Es ist gut, in Zeiten der Krise sehr genau auf die Bedingungen zu schauen. Ihr Land und mein Land sind schmerzhaft und unheilvoll miteinander verbunden. Ihrem Land ist unvorstellbares Leid zugef\u00fcgt worden. Gleichzeitig gilt aber auch die Erfahrung, dass es auch Ihr Land war, das die Wunde meines\u00a0 geteilten Landes entscheidend zu \u00fcberwinden half.<\/span><\/p>\n<p><span style=\"font-size: 14pt; font-family: verdana, geneva, sans-serif;\">In der gegenw\u00e4rtigen Krise erkenne ich im Handeln unserer Regierung, unbedingt daf\u00fcr einzutreten, dass es keine neuen zerst\u00f6rerischen Verletzungen gibt. Ich schaue als B\u00fcrger dieses Landes sehr genau hin und Sie k\u00f6nnen sich darauf verlassen, dass\u00a0 gemeinsame Verantwortung Leitbild des Handelns bleiben muss! Daf\u00fcr trete ich ein.<br \/>\n<\/span><\/p>\n<hr \/>\n<p style=\"text-align: center;\"><em><span style=\"font-size: 14pt; font-family: verdana, geneva, sans-serif;\"><strong>Leider heute, am 24. Februar 2022 dieser Einschub:<\/strong><br \/>\n<span style=\"color: #ff0000;\">Sie haben die &#8218;gemeinsame Verantwortung&#8216; abgelehnt und eine &#8218;einsame&#8216; Entscheidung getroffen. Jetzt lassen Sie schie\u00dfen und erschie\u00dfen wie vor 83 Jahren. Damals johlten Menschen hysterisch Zustimmung &#8211; heute weinen und schreien Menschen ihren Widerstand. Bitte, h\u00f6ren Sie genau hin!<\/span><\/span><\/em><\/p>\n<p><span style=\"font-size: 14pt; font-family: verdana, geneva, sans-serif;\"><strong>&#8230;. und heute, am 3. April 2022 dieser:<\/strong><br \/>\n<span style=\"color: #ff0000;\">Ihre einsame Distanz\u00a0 bringt Ihnen\u00a0 diese furchtbaren Bilder von Zerst\u00f6rung und Mord auf offener Stra\u00dfe nicht vor Augen.\u00a0 Ihnen sind auch die angstvoll ge\u00f6ffneten Augen hilfloser Menschen nicht gegenw\u00e4rtig; die Schreie aus Wut und Verzweiflung erreichen Sie nicht.\u00a0 Mich erreichen sie! <\/span><\/span><\/p>\n<p><span style=\"font-size: 14pt; font-family: verdana, geneva, sans-serif;\"><span style=\"color: #ff0000;\">Krieg ist ein Verbrechen und jeder, der diese unbeschreibbare Barbarei anrichten l\u00e4sst oder selbst anrichtet,\u00a0 ist ein Verbrecher gegen die Menschlichkeit! <\/span><\/span><\/p>\n<p><span style=\"font-size: 14pt; font-family: verdana, geneva, sans-serif;\"><span style=\"color: #ff0000;\">Ich bin aber sicher, dass Sie das alles ahnen und ich hoffe sehr, dass sich Ihnen die Sinne zur Wahrnehmung dieser Realit\u00e4t \u00f6ffnen. Ich bitte Sie, machen Sie Frieden mit sich und f\u00fcr die, die sich danach sehnen!<\/span> <\/span><\/p>\n<hr \/>\n<p><span style=\"font-size: 14pt; font-family: verdana, geneva, sans-serif;\">Wir haben im Laufe politischer Entwicklung von bestehendem Misstrauen geleitet\u00a0 B\u00fcndnissen zugestimmt. Als politischer Mensch, in diesen Verh\u00e4ltnissen lebend, werde ich immer vertreten: Das russische Volk hat viel erleiden m\u00fcssen, hat sich neu organisieren m\u00fcssen und auch wir sind Teil dieser Entwicklung. <\/span><\/p>\n<p><span style=\"font-size: 14pt; font-family: verdana, geneva, sans-serif;\">Unsere Dankbarkeit der russischen F\u00f6deration gegen\u00fcber, durch Sie als derzeitiger Pr\u00e4sident vertreten, wird es nicht ertragen, erneut in einem Angst-Szenario zu verharren. <\/span><span style=\"font-size: 14pt; font-family: verdana, geneva, sans-serif;\">Deshalb hoffe ich auf beiderseitiges Entgegenkommen und Vertrauen in ein Miteinander. Das ist Voraussetzung, um in nachbarschaftlichem Respekt zu leben. Sie macht jeden Waffengang und andere abartige Interventionen \u00fcberfl\u00fcssig.<\/span><\/p>\n<p><span style=\"font-size: 14pt; font-family: verdana, geneva, sans-serif;\">In unserer Geschichte gab es nach \u00fcber lange Zeit gen\u00e4hrter Feindschaft zwischen Frankreich und Deutschland einen &#8218;Freundschafts-Vertrag&#8216;, der bis heute von jungen Menschen belebt wird. <\/span><\/p>\n<p style=\"text-align: center;\"><a href=\"https:\/\/www.weichenstellen.de\/blog\/wp-content\/uploads\/2022\/02\/DSC_0001-klein.jpg\"><img loading=\"lazy\" class=\"alignnone size-medium wp-image-10330\" src=\"https:\/\/www.weichenstellen.de\/blog\/wp-content\/uploads\/2022\/02\/DSC_0001-klein-300x199.jpg\" alt=\"\" width=\"300\" height=\"199\" srcset=\"https:\/\/www.weltwaldwiesen.de\/weichenstellen\/wp-content\/uploads\/2022\/02\/DSC_0001-klein-300x199.jpg 300w, https:\/\/www.weltwaldwiesen.de\/weichenstellen\/wp-content\/uploads\/2022\/02\/DSC_0001-klein.jpg 450w\" sizes=\"(max-width: 300px) 100vw, 300px\" \/><\/a><\/p>\n<p style=\"text-align: center;\"><span style=\"font-size: 14pt; font-family: verdana, geneva, sans-serif;\">Ich w\u00fcnsche mir, dass einige schon bestehende Bem\u00fchungen<br \/>\nzwischen unseren L\u00e4ndern in einen<br \/>\n<span style=\"color: #ff0000;\"><strong>gro\u00dfen <\/strong><\/span><\/span><span style=\"font-size: 14pt; font-family: verdana, geneva, sans-serif;\"><span style=\"color: #ff0000;\"><strong>freundschaftlichen Vertrag von Verl\u00e4sslichkeit und Vertrauen<\/strong><\/span><br \/>\n<\/span><span style=\"font-size: 14pt; font-family: verdana, geneva, sans-serif;\">m\u00fcnden. Dankbarkeit verpflichtet dazu!<\/span><\/p>\n<p><span style=\"font-family: verdana, geneva, sans-serif; font-size: 14pt;\">Mit freundlichen Gr\u00fc\u00dfen an Sie!<\/span><\/p>\n<p><em><strong><span style=\"font-family: verdana, geneva, sans-serif; font-size: 14pt;\">Jan-Peter Wilckens<\/span><\/strong><\/em><\/p>\n<p style=\"text-align: right;\">15. Februar 2022<\/p>\n<p><a href=\"https:\/\/www.weichenstellen.de\/blog\/kontakt\/\"><strong>KONTAKT<\/strong><\/a><\/p>\n<hr \/>\n<p>ZUM THEMA DIESES BRIEFES<br \/>\n<a href=\"https:\/\/www.weichenstellen.de\/blog\/kraft-des-gespraechs\/\"><span style=\"font-size: 14pt; font-family: verdana, geneva, sans-serif;\"><strong>Kraft des Gespr\u00e4chs<\/strong><\/span><br \/>\n<\/a><\/p>\n<hr \/>\n<p style=\"text-align: center;\"><a href=\"https:\/\/www.weichenstellen.de\/blog\/themen\/\"><strong><span style=\"font-size: 14pt; font-family: verdana, geneva, sans-serif;\">ZU THEMEN<\/span><\/strong><\/a><\/p>\n<p>&nbsp;<\/p>\n","protected":false},"excerpt":{"rendered":"<p>OFFENER BRIEF AN DEN PR\u00c4SIDENTEN DER RUSSISCHEN F\u00d6DERATION WLADIMIR PUTIN Sehr geehrter Wladimir Putin, angesichts der j\u00fcngsten Geschehnisse um den Konflikt an der russisch-ukrainischen Grenze habe ich oft an Sie gedacht, mich in Sie hinein zu versetzen versucht, wenn ich Sie am langen ovalen Tisch im Gespr\u00e4ch erlebte. An einen Menschen denken, hei\u00dft f\u00fcr mich\u2026 <span class=\"read-more\"><a href=\"https:\/\/www.weltwaldwiesen.de\/weichenstellen\/dankbarkeit-verpflichtet\/\">Weiterlesen &raquo;<\/a><\/span><\/p>\n","protected":false},"author":1,"featured_media":0,"comment_status":"closed","ping_status":"open","sticky":false,"template":"","format":"standard","meta":{"spay_email":"","jetpack_publicize_message":"","jetpack_is_tweetstorm":false,"jetpack_publicize_feature_enabled":true},"categories":[6],"tags":[],"jetpack_featured_media_url":"","jetpack_publicize_connections":[],"jetpack_shortlink":"https:\/\/wp.me\/p3UvYh-2Gw","jetpack_sharing_enabled":true,"_links":{"self":[{"href":"https:\/\/www.weltwaldwiesen.de\/weichenstellen\/wp-json\/wp\/v2\/posts\/10324"}],"collection":[{"href":"https:\/\/www.weltwaldwiesen.de\/weichenstellen\/wp-json\/wp\/v2\/posts"}],"about":[{"href":"https:\/\/www.weltwaldwiesen.de\/weichenstellen\/wp-json\/wp\/v2\/types\/post"}],"author":[{"embeddable":true,"href":"https:\/\/www.weltwaldwiesen.de\/weichenstellen\/wp-json\/wp\/v2\/users\/1"}],"replies":[{"embeddable":true,"href":"https:\/\/www.weltwaldwiesen.de\/weichenstellen\/wp-json\/wp\/v2\/comments?post=10324"}],"version-history":[{"count":10,"href":"https:\/\/www.weltwaldwiesen.de\/weichenstellen\/wp-json\/wp\/v2\/posts\/10324\/revisions"}],"predecessor-version":[{"id":10429,"href":"https:\/\/www.weltwaldwiesen.de\/weichenstellen\/wp-json\/wp\/v2\/posts\/10324\/revisions\/10429"}],"wp:attachment":[{"href":"https:\/\/www.weltwaldwiesen.de\/weichenstellen\/wp-json\/wp\/v2\/media?parent=10324"}],"wp:term":[{"taxonomy":"category","embeddable":true,"href":"https:\/\/www.weltwaldwiesen.de\/weichenstellen\/wp-json\/wp\/v2\/categories?post=10324"},{"taxonomy":"post_tag","embeddable":true,"href":"https:\/\/www.weltwaldwiesen.de\/weichenstellen\/wp-json\/wp\/v2\/tags?post=10324"}],"curies":[{"name":"wp","href":"https:\/\/api.w.org\/{rel}","templated":true}]}}